{"id":1158774,"date":"2026-08-31T07:51:15","date_gmt":"2026-08-31T07:51:15","guid":{"rendered":"https:\/\/www.europesays.com\/fr\/1158774\/"},"modified":"2026-08-31T07:51:15","modified_gmt":"2026-08-31T07:51:15","slug":"loto-du-patrimoine-2026-lhotel-anne-de-beaujeu-selectionne-dans-le-rhone","status":"publish","type":"post","link":"https:\/\/www.europesays.com\/fr\/1158774\/","title":{"rendered":"Loto du patrimoine 2026 : l\u2019h\u00f4tel Anne de Beaujeu s\u00e9lectionn\u00e9 dans le Rh\u00f4ne"},"content":{"rendered":"<p>C\u2019est le repr\u00e9sentant du Rh\u00f4ne pour l\u2019\u00e9dition 2026 du Loto du patrimoine. L\u2019h\u00f4tel-restaurant Anne de Beaujeu, situ\u00e9 rue de la R\u00e9publique \u00e0 Beaujeu, a \u00e9t\u00e9 retenu par la Mission Patrimoine port\u00e9e par St\u00e9phane Bern et d\u00e9ploy\u00e9e par la Fondation du patrimoine.<\/p>\n<p>Le b\u00e2timent figure parmi les huit sites s\u00e9lectionn\u00e9s en Rh\u00f4ne-Alpes cette ann\u00e9e, aux c\u00f4t\u00e9s notamment de l\u2019\u00e9glise abbatiale de Saint-Theud\u00e8re en Is\u00e8re, du moulin de l\u2019Hermite dans la Loire ou encore de la grange Faur\u00e9 \u00e0 Annecy.<\/p>\n<p>Au total, 100 projets d\u00e9partementaux ont \u00e9t\u00e9 choisis \u00e0 l\u2019\u00e9chelle nationale.<\/p>\n<p>Plus de quinze ans d\u2019abandon<\/p>\n<p>Propri\u00e9t\u00e9 de la mairie de Beaujeu, l\u2019\u00e9difice date de la seconde moiti\u00e9 du XIXe si\u00e8cle. Alors que plusieurs \u00e9tablissements h\u00f4teliers ont progressivement disparu de la commune au cours du XXe si\u00e8cle, celui-ci avait conserv\u00e9 sa vocation d\u2019h\u00f4tel-restaurant sous le nom d\u2019Anne de Beaujeu.<\/p>\n<p>D\u00e9saffect\u00e9 dans les ann\u00e9es 2010, il est toutefois rest\u00e9 \u00e0 l\u2019abandon pendant plus de quinze ans. Cette longue p\u00e9riode sans chauffage ni ventilation, conjugu\u00e9e aux infiltrations en toiture et aux intrusions, a fortement d\u00e9t\u00e9rior\u00e9 le b\u00e2timent.<\/p>\n<p>La charpente et la couverture sont aujourd\u2019hui tr\u00e8s d\u00e9grad\u00e9es, des ardoises sont manquantes et les fa\u00e7ades pr\u00e9sentent \u00e9galement d\u2019importants d\u00e9sordres. Les menuiseries anciennes n\u2019offrent par ailleurs plus de performances thermiques satisfaisantes.<\/p>\n<p>Un h\u00f4tel, un bistrot et un espace bien-\u00eatre<\/p>\n<p>La municipalit\u00e9 entend d\u00e9sormais transformer compl\u00e8tement le site. Le projet pr\u00e9voit la cr\u00e9ation d\u2019un lieu m\u00ealant h\u00e9bergement touristique, bistrot de centre-ville et espace bien-\u00eatre.<\/p>\n<p>L\u2019objectif affich\u00e9 est notamment de renforcer l\u2019offre d\u2019h\u00e9bergement de Beaujeu, que la Fondation du patrimoine d\u00e9crit comme aujourd\u2019hui \u00ab\u00a0quasi inexistante\u00a0\u00bb, alors que la commune constitue une \u00e9tape de la route des vins et la capitale historique du Beaujolais.<\/p>\n<p>Le chantier doit comprendre le d\u00e9samiantage et le curage du b\u00e2timent, la restauration des structures et des fa\u00e7ades, la r\u00e9fection des toitures en ardoise, le remplacement de certaines menuiseries ainsi qu\u2019une r\u00e9organisation compl\u00e8te des espaces int\u00e9rieurs et des r\u00e9seaux techniques.<\/p>\n<p>Les travaux doivent d\u00e9buter en 2027 pour une livraison annonc\u00e9e en 2028.<\/p>\n<p>Une dotation connue \u00e0 la fin de l\u2019ann\u00e9e<\/p>\n<p>La s\u00e9lection au Loto du patrimoine permettra au projet de b\u00e9n\u00e9ficier d\u2019un soutien financier issu des jeux Mission Patrimoine. Le montant pr\u00e9cis accord\u00e9 \u00e0 l\u2019h\u00f4tel Anne de Beaujeu ne sera toutefois connu qu\u2019en fin d\u2019ann\u00e9e, en fonction des ventes.<\/p>\n<p>Depuis 2018, la Mission Patrimoine indique avoir accompagn\u00e9 plus de 1 080 sites en France. Plus de 70% des projets retenus sont aujourd\u2019hui sauv\u00e9s ou en passe de l\u2019\u00eatre, avec 537 chantiers d\u00e9j\u00e0 termin\u00e9s et 266 encore en cours.<\/p>\n","protected":false},"excerpt":{"rendered":"C\u2019est le repr\u00e9sentant du Rh\u00f4ne pour l\u2019\u00e9dition 2026 du Loto du patrimoine. L\u2019h\u00f4tel-restaurant Anne de Beaujeu, situ\u00e9 rue&hellip;\n","protected":false},"author":2,"featured_media":1158775,"comment_status":"","ping_status":"","sticky":false,"template":"","format":"standard","meta":{"footnotes":"","_share_on_mastodon":"0"},"categories":[1889],"tags":[1111,11,2813,2190,2430,1109,251,1112,2811,1777,674,118,1011,27,1922,1110,1114,2428,2810,12,241,316,25,2812,517,800],"class_list":["post-1158774","post","type-post","status-publish","format-standard","has-post-thumbnail","category-lyon","tag-actu","tag-actualites","tag-article","tag-asvel","tag-auvergne-rhone-alpes","tag-breves","tag-culture","tag-depeches","tag-economique","tag-eu","tag-europe","tag-faits-divers","tag-fr","tag-france","tag-info","tag-informations","tag-infos","tag-lyon","tag-lyonmag","tag-news","tag-ol","tag-politique","tag-republique-francaise","tag-sociale","tag-sport","tag-transports"],"share_on_mastodon":{"url":"https:\/\/pubeurope.com\/@fr\/117189036214974815","error":""},"_links":{"self":[{"href":"https:\/\/www.europesays.com\/fr\/wp-json\/wp\/v2\/posts\/1158774","targetHints":{"allow":["GET"]}}],"collection":[{"href":"https:\/\/www.europesays.com\/fr\/wp-json\/wp\/v2\/posts"}],"about":[{"href":"https:\/\/www.europesays.com\/fr\/wp-json\/wp\/v2\/types\/post"}],"author":[{"embeddable":true,"href":"https:\/\/www.europesays.com\/fr\/wp-json\/wp\/v2\/users\/2"}],"replies":[{"embeddable":true,"href":"https:\/\/www.europesays.com\/fr\/wp-json\/wp\/v2\/comments?post=1158774"}],"version-history":[{"count":0,"href":"https:\/\/www.europesays.com\/fr\/wp-json\/wp\/v2\/posts\/1158774\/revisions"}],"wp:featuredmedia":[{"embeddable":true,"href":"https:\/\/www.europesays.com\/fr\/wp-json\/wp\/v2\/media\/1158775"}],"wp:attachment":[{"href":"https:\/\/www.europesays.com\/fr\/wp-json\/wp\/v2\/media?parent=1158774"}],"wp:term":[{"taxonomy":"category","embeddable":true,"href":"https:\/\/www.europesays.com\/fr\/wp-json\/wp\/v2\/categories?post=1158774"},{"taxonomy":"post_tag","embeddable":true,"href":"https:\/\/www.europesays.com\/fr\/wp-json\/wp\/v2\/tags?post=1158774"}],"curies":[{"name":"wp","href":"https:\/\/api.w.org\/{rel}","templated":true}]}}