{"id":1158790,"date":"2026-08-31T08:03:09","date_gmt":"2026-08-31T08:03:09","guid":{"rendered":"https:\/\/www.europesays.com\/fr\/1158790\/"},"modified":"2026-08-31T08:03:09","modified_gmt":"2026-08-31T08:03:09","slug":"la-russie-annonce-preparer-des-frappes-massives-contre-des-installations-du-secteur-energetique-de-lukraine","status":"publish","type":"post","link":"https:\/\/www.europesays.com\/fr\/1158790\/","title":{"rendered":"La Russie annonce pr\u00e9parer des \u00abfrappes massives\u00bb contre des \u00abinstallations du secteur \u00e9nerg\u00e9tique\u00bb de l\u2019Ukraine"},"content":{"rendered":"<p>\n    Lors de l\u2019hiver dernier, Moscou avait multipli\u00e9 les frappes sur les centrales ukrainiennes, d\u00e9vastant le secteur \u00e9nerg\u00e9tique du pays et plongeant par moment des millions de personnes dans le froid et le noir.<\/p>\n<p class=\"fig-paragraph\">La\u00a0<a href=\"http:\/\/www.lefigaro.fr\/international\/russie-un-crash-de-drone-provoque-la-mort-de-deux-personnes-un-entrepot-du-geant-du-e-commerce-wildberries-en-feu-20260826\" target=\"_blank\" data-fig-type=\"NewsFlash\" rel=\"noopener nofollow\" data-gtm-custom-categorie=\"navigation\" data-gtm-custom-action=\"crossclick\" data-gtm-custom-label=\"Contextuel\" data-gtm-event=\"customEventSPE\" data-fig-domain=\"LEFIGARO\">Russie<\/a>\u00a0a annonc\u00e9 dimanche pr\u00e9parer des \u00abfrappes massives\u00bb contre des \u00abinstallations du secteur \u00e9nerg\u00e9tique\u00bb de\u00a0<a href=\"http:\/\/www.lefigaro.fr\/international\/guerre-en-ukraine-menaces-par-des-frappes-russes-les-habitants-de-kherson-appeles-a-quitter-la-ville-20260827\" data-fig-type=\"NewsFlash\" data-gtm-custom-categorie=\"navigation\" data-gtm-custom-action=\"crossclick\" data-gtm-custom-label=\"Contextuel\" data-gtm-event=\"customEventSPE\" data-fig-domain=\"LEFIGARO\" rel=\"nofollow noopener\" target=\"_blank\">l&rsquo;Ukraine<\/a>, dans un contexte de nette intensification des attaques depuis plusieurs mois.<\/p>\n<p class=\"fig-paragraph\">\u00abLes forces arm\u00e9es russes ont entam\u00e9 la pr\u00e9paration de frappes massives contre les installations du secteur \u00e9nerg\u00e9tique de l&rsquo;Ukraine en r\u00e9ponse aux attaques continues du r\u00e9gime de Kiev contre les infrastructures civiles et le complexe p\u00e9trolier et \u00e9nerg\u00e9tique de la Russie\u00bb, a indiqu\u00e9 le minist\u00e8re russe de la D\u00e9fense sur Telegram.<\/p>\n<p>                                            <a class=\"fig-a11y-skip\" href=\"#fig-a11y-skip-main-inarticle\" is=\"fig-a11y-skip\" data-trigger-mode=\"visible-once\"><br \/>\n    Passer la publicit\u00e9<br \/>\n<\/a>            <\/p>\n<p class=\"fig-paragraph\">L\u2019arm\u00e9e russe a revendiqu\u00e9 dimanche avoir frapp\u00e9 \u00e0 Kiev au cours de la nuit un combinat produisant de l\u2019amiante et du ciment, dont les entrep\u00f4ts \u00e9taient utilis\u00e9s pour stocker des explosifs selon Moscou, ainsi qu\u2019un fabricant de drones et de munitions.<\/p>\n<p>                                            Une escalade des frappes \u00e0 longue port\u00e9e<\/p>\n<p class=\"fig-paragraph\">La veille, une frappe russe sur un d\u00e9p\u00f4t de munitions en banlieue de Kiev avait provoqu\u00e9 une vaste explosion et caus\u00e9 la mort d\u2019<a href=\"http:\/\/www.lefigaro.fr\/international\/ukraine-une-frappe-de-drone-russe-provoque-un-important-incendie-dans-un-entrepot-contenant-des-explosifs-200-personnes-evacuees-20260829\" target=\"_blank\" data-fig-type=\"NewsFlash\" rel=\"noopener nofollow\" data-gtm-custom-categorie=\"navigation\" data-gtm-custom-action=\"crossclick\" data-gtm-custom-label=\"Contextuel\" data-gtm-event=\"customEventSPE\" data-fig-domain=\"LEFIGARO\">au moins 37 personnes<\/a>. L\u2019Ukraine a de son c\u00f4t\u00e9 attaqu\u00e9 au cours de la nuit avec des drones une raffinerie de p\u00e9trole dans le nord-ouest de la Russie, provoquant un incendie, ont rapport\u00e9 les autorit\u00e9s locales.<\/p>\n<p class=\"fig-paragraph\">Lors de l\u2019hiver dernier, Moscou avait multipli\u00e9 les frappes sur les centrales ukrainiennes, d\u00e9vastant le secteur \u00e9nerg\u00e9tique du pays et plongeant par moments des millions de personnes dans le froid et le noir.<\/p>\n<p class=\"fig-paragraph\">La Russie et l\u2019Ukraine sont engag\u00e9es depuis plusieurs mois dans une escalade des frappes \u00e0 longue port\u00e9e, qui visent un nombre croissant d\u2019infrastructures civiles, tels que des entrep\u00f4ts, des commerces, des sites p\u00e9troliers et portuaires et des navires. Ces attaques font r\u00e9guli\u00e8rement des victimes civiles.<\/p>\n","protected":false},"excerpt":{"rendered":"Lors de l\u2019hiver dernier, Moscou avait multipli\u00e9 les frappes sur les centrales ukrainiennes, d\u00e9vastant le secteur \u00e9nerg\u00e9tique du&hellip;\n","protected":false},"author":2,"featured_media":1158791,"comment_status":"","ping_status":"","sticky":false,"template":"","format":"standard","meta":{"footnotes":"","_share_on_mastodon":"0"},"categories":[1590],"tags":[11,1777,674,131,12,132,220],"class_list":["post-1158790","post","type-post","status-publish","format-standard","has-post-thumbnail","category-ukraine","tag-actualites","tag-eu","tag-europe","tag-guerre-en-ukraine","tag-news","tag-russie","tag-ukraine"],"share_on_mastodon":{"url":"https:\/\/pubeurope.com\/@fr\/117189083618972416","error":""},"_links":{"self":[{"href":"https:\/\/www.europesays.com\/fr\/wp-json\/wp\/v2\/posts\/1158790","targetHints":{"allow":["GET"]}}],"collection":[{"href":"https:\/\/www.europesays.com\/fr\/wp-json\/wp\/v2\/posts"}],"about":[{"href":"https:\/\/www.europesays.com\/fr\/wp-json\/wp\/v2\/types\/post"}],"author":[{"embeddable":true,"href":"https:\/\/www.europesays.com\/fr\/wp-json\/wp\/v2\/users\/2"}],"replies":[{"embeddable":true,"href":"https:\/\/www.europesays.com\/fr\/wp-json\/wp\/v2\/comments?post=1158790"}],"version-history":[{"count":0,"href":"https:\/\/www.europesays.com\/fr\/wp-json\/wp\/v2\/posts\/1158790\/revisions"}],"wp:featuredmedia":[{"embeddable":true,"href":"https:\/\/www.europesays.com\/fr\/wp-json\/wp\/v2\/media\/1158791"}],"wp:attachment":[{"href":"https:\/\/www.europesays.com\/fr\/wp-json\/wp\/v2\/media?parent=1158790"}],"wp:term":[{"taxonomy":"category","embeddable":true,"href":"https:\/\/www.europesays.com\/fr\/wp-json\/wp\/v2\/categories?post=1158790"},{"taxonomy":"post_tag","embeddable":true,"href":"https:\/\/www.europesays.com\/fr\/wp-json\/wp\/v2\/tags?post=1158790"}],"curies":[{"name":"wp","href":"https:\/\/api.w.org\/{rel}","templated":true}]}}