{"id":1158794,"date":"2026-08-31T08:05:25","date_gmt":"2026-08-31T08:05:25","guid":{"rendered":"https:\/\/www.europesays.com\/fr\/1158794\/"},"modified":"2026-08-31T08:05:25","modified_gmt":"2026-08-31T08:05:25","slug":"yair-netanyahou-provoque-une-polemique-au-royaume-uni-apres-des-propos-sur-les-iles-malouines","status":"publish","type":"post","link":"https:\/\/www.europesays.com\/fr\/1158794\/","title":{"rendered":"Yair Netanyahou Provoque Une Pol\u00e9mique Au Royaume-Uni Apr\u00e8s Des Propos Sur Les \u00celes Malouines"},"content":{"rendered":"<p class=\"\" data-is=\"component-paragraph\">Une publication de Yair Netanyahou sur les \u00eeles Malouines a suscit\u00e9 de vives r\u00e9actions au Royaume-Uni, y compris au sein de personnalit\u00e9s politiques et m\u00e9diatiques traditionnellement favorables \u00e0 Isra\u00ebl.<\/p>\n<p class=\"\" data-is=\"component-paragraph\">Le fils du Premier ministre isra\u00e9lien a affirm\u00e9 sur X que l\u2019archipel, administr\u00e9 par Londres mais revendiqu\u00e9 par Buenos Aires, appartenait \u00e0 l\u2019Argentine. Sa prise de position intervient dans un <a data-is=\"component-link\" href=\"https:\/\/www.i24news.tv\/fr\/actu\/israel\/diplomatie-defense\/artc-menace-d-exclusion-du-centre-de-coordination-de-gaza-le-royaume-uni-met-en-garde-israel\" title=\"https:\/\/www.i24news.tv\/fr\/actu\/israel\/diplomatie-defense\/artc-menace-d-exclusion-du-centre-de-coordination-de-gaza-le-royaume-uni-met-en-garde-israel\" target=\"\" class=\"link\" rel=\"nofollow noopener\">contexte de fortes tensions entre Isra\u00ebl et le gouvernement travailliste britannique<\/a>, accus\u00e9 d\u2019adopter une politique hostile \u00e0 l\u2019\u00c9tat h\u00e9breu.<\/p>\n<p class=\"\" data-is=\"component-paragraph\">Plusieurs figures de la droite britannique ont d\u00e9nonc\u00e9 cette d\u00e9claration. Le commentateur Alex Armstrong a qualifi\u00e9 les propos de \u00ab peu constructifs \u00bb, rappelant que les positions du gouvernement travailliste ne refl\u00e9taient pas celles de l\u2019ensemble de la soci\u00e9t\u00e9 britannique, et encore moins celles d\u2019une droite largement favorable \u00e0 Isra\u00ebl.<\/p>\n<p class=\"\" data-is=\"component-paragraph\">Selon lui, remettre en cause la souverainet\u00e9 britannique sur les Malouines risque surtout d\u2019\u00e9roder le soutien d\u2019alli\u00e9s politiques qui d\u00e9fendent Isra\u00ebl depuis de nombreuses ann\u00e9es.<\/p>\n<p class=\"\" data-is=\"component-paragraph\">Le d\u00e9put\u00e9 Rupert Lowe a \u00e9galement r\u00e9agi vivement. Il a conseill\u00e9 \u00e0 Yair Netanyahou de se concentrer sur les probl\u00e8mes d\u2019Isra\u00ebl avant d\u2019affirmer que \u00ab les Malouines sont britanniques et le resteront \u00bb. Il a ajout\u00e9 qu\u2019un futur gouvernement britannique n\u2019h\u00e9siterait pas \u00e0 d\u00e9fendre militairement l\u2019archipel si n\u00e9cessaire.<\/p>\n<p><img alt=\"Royaume-Uni : J\u00e9rusalem temp\u00e8re ? Un responsable d\u00e9ment toute mesure \u00e0 l'encontre de Londres\" class=\"Lazy_poster__hZbms\" data-is=\"lazy-image\" data-observed-item-id=\"https:\/\/i24israel.vod.immergo.tv\/i24israel\/api-uploaded\/WILDMOKA_68281805475.jpg\"\/>Royaume-Uni : J\u00e9rusalem temp\u00e8re ? Un responsable d\u00e9ment toute mesure \u00e0 l&rsquo;encontre de Londres<\/p>\n<p class=\"\" data-is=\"component-paragraph\">Situ\u00e9es dans l\u2019Atlantique Sud, au large de l\u2019Argentine, les \u00eeles Malouines sont administr\u00e9es par le Royaume-Uni depuis le XIXe si\u00e8cle, mais Buenos Aires continue d\u2019en revendiquer la souverainet\u00e9.<\/p>\n<p class=\"\" data-is=\"component-paragraph\">Le diff\u00e9rend avait culmin\u00e9 en 1982 avec l\u2019invasion de l\u2019archipel par l\u2019Argentine. Londres avait alors lanc\u00e9 une op\u00e9ration militaire qui s\u2019\u00e9tait achev\u00e9e par la reddition des forces argentines et le r\u00e9tablissement du contr\u00f4le britannique.<\/p>\n<p class=\"\" data-is=\"component-paragraph\">La question a r\u00e9cemment refait surface dans le d\u00e9bat international, sur fond de sp\u00e9culations autour d\u2019un possible infl\u00e9chissement de la position am\u00e9ricaine sur le dossier.<\/p>\n","protected":false},"excerpt":{"rendered":"Une publication de Yair Netanyahou sur les \u00eeles Malouines a suscit\u00e9 de vives r\u00e9actions au Royaume-Uni, y compris&hellip;\n","protected":false},"author":2,"featured_media":1158795,"comment_status":"","ping_status":"","sticky":false,"template":"","format":"standard","meta":{"footnotes":"","_share_on_mastodon":"0"},"categories":[1588],"tags":[11,1777,674,12,473,1853,1851,1850,1852],"class_list":["post-1158794","post","type-post","status-publish","format-standard","has-post-thumbnail","category-royaume-uni","tag-actualites","tag-eu","tag-europe","tag-news","tag-royaume-uni","tag-royaume-uni-de-grande-bretagne-et-dirlande-du-nord","tag-uk","tag-united-kingdom","tag-united-kingdom-of-great-britain-and-northern-ireland"],"share_on_mastodon":{"url":"https:\/\/pubeurope.com\/@fr\/117189092097859565","error":""},"_links":{"self":[{"href":"https:\/\/www.europesays.com\/fr\/wp-json\/wp\/v2\/posts\/1158794","targetHints":{"allow":["GET"]}}],"collection":[{"href":"https:\/\/www.europesays.com\/fr\/wp-json\/wp\/v2\/posts"}],"about":[{"href":"https:\/\/www.europesays.com\/fr\/wp-json\/wp\/v2\/types\/post"}],"author":[{"embeddable":true,"href":"https:\/\/www.europesays.com\/fr\/wp-json\/wp\/v2\/users\/2"}],"replies":[{"embeddable":true,"href":"https:\/\/www.europesays.com\/fr\/wp-json\/wp\/v2\/comments?post=1158794"}],"version-history":[{"count":0,"href":"https:\/\/www.europesays.com\/fr\/wp-json\/wp\/v2\/posts\/1158794\/revisions"}],"wp:featuredmedia":[{"embeddable":true,"href":"https:\/\/www.europesays.com\/fr\/wp-json\/wp\/v2\/media\/1158795"}],"wp:attachment":[{"href":"https:\/\/www.europesays.com\/fr\/wp-json\/wp\/v2\/media?parent=1158794"}],"wp:term":[{"taxonomy":"category","embeddable":true,"href":"https:\/\/www.europesays.com\/fr\/wp-json\/wp\/v2\/categories?post=1158794"},{"taxonomy":"post_tag","embeddable":true,"href":"https:\/\/www.europesays.com\/fr\/wp-json\/wp\/v2\/tags?post=1158794"}],"curies":[{"name":"wp","href":"https:\/\/api.w.org\/{rel}","templated":true}]}}