{"id":1158796,"date":"2026-08-31T08:06:24","date_gmt":"2026-08-31T08:06:24","guid":{"rendered":"https:\/\/www.europesays.com\/fr\/1158796\/"},"modified":"2026-08-31T08:06:24","modified_gmt":"2026-08-31T08:06:24","slug":"la-slovenie-rebondit-lallemagne-et-la-croatie-sur-de-bons-rails","status":"publish","type":"post","link":"https:\/\/www.europesays.com\/fr\/1158796\/","title":{"rendered":"La Slov\u00e9nie rebondit, l&rsquo;Allemagne et la Croatie sur de bons rails"},"content":{"rendered":"<p>La Slov\u00e9nie se donne de l&rsquo;air. <a href=\"https:\/\/www.basketeurope.com\/la-france-et-wemby-font-danser-la-slovenie\/\" rel=\"nofollow noopener\" target=\"_blank\">Battue par la France<\/a> plus t\u00f4t dans la semaine, la patrie de Luka Doncic, orpheline de son maestro, s&rsquo;est rattrap\u00e9e face \u00e0 la Hongrie (92-77). Le g\u00e9nial Klemen Prepelic a fr\u00f4l\u00e9 le double-double (24 points, 9 passes d\u00e9cisives). Un succ\u00e8s qui permet aux Slov\u00e8nes de retrouver le podium de son groupe, soit le minimum syndical pour participer au prochain Mondial.<\/p>\n<blockquote><p>\u00ab\u00a0C&rsquo;\u00e9tait un match tr\u00e8s important pour nous permettre de rester en vie dans ces \u00e9liminatoires, a d\u00e9clar\u00e9 le s\u00e9lectionneur Aleksander Sekulic en apr\u00e8s-match. On se devait de gagner par la plus grande marge possible. On a affront\u00e9 une \u00e9quipe tr\u00e8s exp\u00e9riment\u00e9e, bien coach\u00e9e, avec des joueurs qui se connaissent depuis des ann\u00e9es. Chapeau bas aux joueurs qui ont donn\u00e9 le ton d\u00e8s le d\u00e9but.\u00a0\u00bb <\/p><\/blockquote>\n<p>Le boxscore de la rencontre est <a href=\"https:\/\/www.fiba.basketball\/en\/events\/fiba-basketball-world-cup-2027-european-qualifiers\/games\/127086-SLO-HUN?ref=basketeurope.com#boxscore\" rel=\"nofollow noopener\" target=\"_blank\">ici<\/a>.<\/p>\n<p><strong>Le classement du groupe L :<\/strong><\/p>\n<ul>\n<li>France, 7-1<\/li>\n<li>Finlande, 5-3<\/li>\n<li>Slov\u00e9nie, 4-4<\/li>\n<li>Su\u00e8de, 4-4<\/li>\n<li>Hongrie, 4-4<\/li>\n<li>Estonie, 3-5<\/li>\n<\/ul>\n<p>En revanche, il devrait y avoir moins de suspens dans le groupe K, o\u00f9 un trio de t\u00eate se d\u00e9gage. En battant la Pologne (94-96), jusqu&rsquo;ici invaincue, les champions du monde allemands sont revenus \u00e0 la hauteur de leur voisin au classement. Encore une fois, Dennis Schr\u00f6der a termin\u00e9 meilleur marqueur de la Mannschaft avec 18 unit\u00e9s.<\/p>\n<p>Le boxscore de la rencontre est <a href=\"https:\/\/www.fiba.basketball\/en\/events\/fiba-basketball-world-cup-2027-european-qualifiers\/games\/127120-POL-GER?ref=basketeurope.com\" rel=\"nofollow noopener\" target=\"_blank\">ici<\/a>.<\/p>\n<p>Plus t\u00f4t dans la soir\u00e9e, la Croatie a elle aussi tenu le rythme impos\u00e9 par ses concurrents. En d\u00e9placement aux Pays-Bas, les co\u00e9quipiers de Mario Hezonja ont certainement plus pein\u00e9 que pr\u00e9vu. Mais ils se sont finalement impos\u00e9s sur le fil (99-101), gr\u00e2ce notamment \u00e0 un superbe Ivica Zubac (24 points, 11 rebonds).<\/p>\n<p>Le boxscore de la rencontre est <a href=\"https:\/\/www.fiba.basketball\/en\/events\/fiba-basketball-world-cup-2027-european-qualifiers\/games\/127119-NED-CRO?ref=basketeurope.com#boxscore\" rel=\"nofollow noopener\" target=\"_blank\">ici<\/a>.<\/p>\n<p><strong>Le classement du groupe K :<\/strong><\/p>\n<ul>\n<li>Allemagne, 7-1<\/li>\n<li>Pologne, 7-1<\/li>\n<li>Croatie, 7-1<\/li>\n<li>Lettonie, 4-4<\/li>\n<li>Pays-Bas, 2-6<\/li>\n<li>Isra\u00ebl, 2-6<\/li>\n<\/ul>\n","protected":false},"excerpt":{"rendered":"La Slov\u00e9nie se donne de l&rsquo;air. Battue par la France plus t\u00f4t dans la semaine, la patrie de&hellip;\n","protected":false},"author":2,"featured_media":1158797,"comment_status":"","ping_status":"","sticky":false,"template":"","format":"standard","meta":{"footnotes":"","_share_on_mastodon":"0"},"categories":[1587],"tags":[11,672,1804,1805,1803,1777,674,1801,12,1802],"class_list":["post-1158796","post","type-post","status-publish","format-standard","has-post-thumbnail","category-allemagne","tag-actualites","tag-allemagne","tag-bundesrepublik-deutschland","tag-de","tag-deutschland","tag-eu","tag-europe","tag-germany","tag-news","tag-republique-federale-dallemagne"],"share_on_mastodon":{"url":"https:\/\/pubeurope.com\/@fr\/117189095352157717","error":""},"_links":{"self":[{"href":"https:\/\/www.europesays.com\/fr\/wp-json\/wp\/v2\/posts\/1158796","targetHints":{"allow":["GET"]}}],"collection":[{"href":"https:\/\/www.europesays.com\/fr\/wp-json\/wp\/v2\/posts"}],"about":[{"href":"https:\/\/www.europesays.com\/fr\/wp-json\/wp\/v2\/types\/post"}],"author":[{"embeddable":true,"href":"https:\/\/www.europesays.com\/fr\/wp-json\/wp\/v2\/users\/2"}],"replies":[{"embeddable":true,"href":"https:\/\/www.europesays.com\/fr\/wp-json\/wp\/v2\/comments?post=1158796"}],"version-history":[{"count":0,"href":"https:\/\/www.europesays.com\/fr\/wp-json\/wp\/v2\/posts\/1158796\/revisions"}],"wp:featuredmedia":[{"embeddable":true,"href":"https:\/\/www.europesays.com\/fr\/wp-json\/wp\/v2\/media\/1158797"}],"wp:attachment":[{"href":"https:\/\/www.europesays.com\/fr\/wp-json\/wp\/v2\/media?parent=1158796"}],"wp:term":[{"taxonomy":"category","embeddable":true,"href":"https:\/\/www.europesays.com\/fr\/wp-json\/wp\/v2\/categories?post=1158796"},{"taxonomy":"post_tag","embeddable":true,"href":"https:\/\/www.europesays.com\/fr\/wp-json\/wp\/v2\/tags?post=1158796"}],"curies":[{"name":"wp","href":"https:\/\/api.w.org\/{rel}","templated":true}]}}