{"id":1158799,"date":"2026-08-31T08:09:22","date_gmt":"2026-08-31T08:09:22","guid":{"rendered":"https:\/\/www.europesays.com\/fr\/1158799\/"},"modified":"2026-08-31T08:09:22","modified_gmt":"2026-08-31T08:09:22","slug":"pourquoi-les-islandais-ont-dit-non-a-lunion-europeenne","status":"publish","type":"post","link":"https:\/\/www.europesays.com\/fr\/1158799\/","title":{"rendered":"Pourquoi les Islandais ont dit \u00ab\u00a0non\u00a0\u00bb \u00e0 l\u2019Union europ\u00e9enne"},"content":{"rendered":"<p class=\"Paragraph typo-paragraph-text-large svelte-1jwh7qj\">Dans le climat polaris\u00e9 actuel, le r\u00e9sultat n\u00e9gatif du r\u00e9f\u00e9rendum islandais sur l\u2019ouverture de n\u00e9gociations d\u2019adh\u00e9sion \u00e0 l\u2019UE donne lieu \u00e0 toutes sortes d\u2019interpr\u00e9tations et de r\u00e9cup\u00e9rations. Marine Le Pen y voit par exemple le signe que \u00ab\u00a0l\u2019adh\u00e9sion \u00e0 l\u2019Union europ\u00e9enne n\u2019est pas l\u2019horizon naturel de toute d\u00e9mocratie europ\u00e9enne\u00a0\u00bb. Ces interpr\u00e9tations font peu de cas des sp\u00e9cificit\u00e9s islandaises, qui sont grandes.<\/p>\n<p class=\"Paragraph typo-paragraph-text-large svelte-1jwh7qj\">L\u2019Islande est une \u00eele de 400 000 habitants, situ\u00e9e \u00e0 plus de 2000 kilom\u00e8tres du continent europ\u00e9en, au milieu de l\u2019Atlantique nord. Si elle n\u2019est pas membre de l\u2019UE, elle appartient d\u00e9j\u00e0 \u00e0 l\u2019Espace \u00e9conomique europ\u00e9en, comme la Norv\u00e8ge ou la Suisse, ce qui lui donne acc\u00e8s au march\u00e9 unique, et \u00e0 l\u2019espace Schengen qui garantit la libre circulation. Ce statut n\u2019est pas remis en cause par le r\u00e9sultat\u00a0: ce n\u2019est donc pas un \u00ab\u00a0Brexit islandais\u00a0\u00bb.<\/p>\n<p class=\"Paragraph typo-paragraph-text-large svelte-1jwh7qj\">Le vote des Islandais montre un vrai clivage entre les habitants de la capitale, Reykjavik, clairement en faveur de l\u2019adh\u00e9sion, et ceux du reste de l\u2019\u00eele, pour beaucoup p\u00e9cheurs et agriculteurs, qui ont massivement dit non. L\u2019explication est simple\u00a0: ces derniers redoutaient un impact n\u00e9gatif sur leurs secteurs, alors que les citadins r\u00e9agissaient en termes plus g\u00e9opolitiques.<\/p>\n<p class=\"Paragraph typo-paragraph-text-large svelte-1jwh7qj\">Tous ceux qui vivent de la p\u00eache, secteur cl\u00e9 qui repr\u00e9sente 40% des exportations islandaises, ont encore en m\u00e9moire les \u00ab\u00a0guerres de la morue\u00a0\u00bb qui ont oppos\u00e9 leur \u00eele au Royaume Uni dans les ann\u00e9es 50 et 70. Les deux pays ont \u00e9t\u00e9 au bord de la confrontation sur la question des zones de p\u00eache, et les images de cette \u00e9poque ont \u00e9t\u00e9 largement utilis\u00e9es pendant la campagne.<\/p>\n<p class=\"Paragraph typo-paragraph-text-large svelte-1jwh7qj\">Les citadins, eux, r\u00e9agissaient au nouveau contexte international, et en particulier aux menaces de Donald Trump sur le Groenland voisin. A plusieurs reprises, le pr\u00e9sident des \u00c9tats-Unis a confondu le Groenland et l\u2019Islande, et surtout, la valeur de la protection am\u00e9ricaine en a pris un coup.<\/p>\n<p class=\"Paragraph typo-paragraph-text-large svelte-1jwh7qj\">L\u2019Islande a en effet cette sp\u00e9cificit\u00e9 de ne pas avoir d\u2019arm\u00e9e, tout en \u00e9tant membre de l\u2019OTAN. Certains Islandais ont jug\u00e9 que c\u2019\u00e9tait le moment de relancer le d\u00e9bat, ancien, sur l\u2019adh\u00e9sion \u00e0 l\u2019UE, une assurance-vie suppl\u00e9mentaire pour un pays g\u00e9ographiquement isol\u00e9.<\/p>\n<p class=\"Paragraph typo-paragraph-text-large svelte-1jwh7qj\">C\u2019est l\u00e0 que c\u2019est aussi un \u00e9chec pour l\u2019Union europ\u00e9enne\u00a0: malgr\u00e9 les doutes sur le bouclier am\u00e9ricain, les Islandais n\u2019ont pas \u00e9t\u00e9 convaincus par le caract\u00e8re protecteur de l\u2019Union.<\/p>\n<p class=\"Paragraph typo-paragraph-text-large svelte-1jwh7qj\">C\u2019est \u00e9videmment le maillon faible de la construction europ\u00e9enne malgr\u00e9 l\u2019existence de l\u2019article 42-7 du Trait\u00e9 de l\u2019UE, qui pr\u00e9voit la solidarit\u00e9 en cas d\u2019agression d\u2019un \u00c9tat-membre. C\u2019est l\u2019\u00e9quivalent de l\u2019article 5 de l\u2019OTAN, mais la cr\u00e9dibilit\u00e9 des 27 sur les questions de d\u00e9fense est encore sujette \u00e0 caution.<\/p>\n<p class=\"Paragraph typo-paragraph-text-large svelte-1jwh7qj\">L\u2019Union europ\u00e9enne aurait assur\u00e9ment pr\u00e9f\u00e9r\u00e9 un r\u00e9sultat positif en Islande, ne serait-ce que pour s\u2019\u00e9pargner le d\u00e9bat hautement politis\u00e9 que cet \u00e9chec g\u00e9n\u00e8re. L\u2019Islande, bien remise des effets catastrophiques de la crise financi\u00e8re de 2008, aurait \u00e9t\u00e9 une recrue de choix pour l\u2019UE, engag\u00e9e dans des \u00e9largissements plus probl\u00e9matiques dans les Balkans.<\/p>\n<p class=\"Paragraph typo-paragraph-text-large svelte-1jwh7qj\">Les 27 doivent s\u2019interroger sur leur attractivit\u00e9 dans ce monde en recomposition\u00a0: c\u2019est la principale le\u00e7on de ce vote islandais.<\/p>\n<p>      France Inter   <img src=\"https:\/\/www.europesays.com\/fr\/wp-content\/uploads\/2026\/08\/1788163762_24_2048.webp\" alt=\"\" loading=\"lazy\" decoding=\"async\" data-testid=\"ImageRatio\" class=\"ImageRatio-img svelte-1s885yz\"\/>    <\/p>\n","protected":false},"excerpt":{"rendered":"Dans le climat polaris\u00e9 actuel, le r\u00e9sultat n\u00e9gatif du r\u00e9f\u00e9rendum islandais sur l\u2019ouverture de n\u00e9gociations d\u2019adh\u00e9sion \u00e0 l\u2019UE&hellip;\n","protected":false},"author":2,"featured_media":1158800,"comment_status":"","ping_status":"","sticky":false,"template":"","format":"standard","meta":{"footnotes":"","_share_on_mastodon":"0"},"categories":[1586],"tags":[11,1777,674,1779,1011,27,12,25,1778,364],"class_list":["post-1158799","post","type-post","status-publish","format-standard","has-post-thumbnail","category-europe","tag-actualites","tag-eu","tag-europe","tag-european-union","tag-fr","tag-france","tag-news","tag-republique-francaise","tag-ue","tag-union-europeenne"],"share_on_mastodon":{"url":"https:\/\/pubeurope.com\/@fr\/117189108785101157","error":""},"_links":{"self":[{"href":"https:\/\/www.europesays.com\/fr\/wp-json\/wp\/v2\/posts\/1158799","targetHints":{"allow":["GET"]}}],"collection":[{"href":"https:\/\/www.europesays.com\/fr\/wp-json\/wp\/v2\/posts"}],"about":[{"href":"https:\/\/www.europesays.com\/fr\/wp-json\/wp\/v2\/types\/post"}],"author":[{"embeddable":true,"href":"https:\/\/www.europesays.com\/fr\/wp-json\/wp\/v2\/users\/2"}],"replies":[{"embeddable":true,"href":"https:\/\/www.europesays.com\/fr\/wp-json\/wp\/v2\/comments?post=1158799"}],"version-history":[{"count":0,"href":"https:\/\/www.europesays.com\/fr\/wp-json\/wp\/v2\/posts\/1158799\/revisions"}],"wp:featuredmedia":[{"embeddable":true,"href":"https:\/\/www.europesays.com\/fr\/wp-json\/wp\/v2\/media\/1158800"}],"wp:attachment":[{"href":"https:\/\/www.europesays.com\/fr\/wp-json\/wp\/v2\/media?parent=1158799"}],"wp:term":[{"taxonomy":"category","embeddable":true,"href":"https:\/\/www.europesays.com\/fr\/wp-json\/wp\/v2\/categories?post=1158799"},{"taxonomy":"post_tag","embeddable":true,"href":"https:\/\/www.europesays.com\/fr\/wp-json\/wp\/v2\/tags?post=1158799"}],"curies":[{"name":"wp","href":"https:\/\/api.w.org\/{rel}","templated":true}]}}