{"id":115881,"date":"2025-05-21T03:30:13","date_gmt":"2025-05-21T03:30:13","guid":{"rendered":"https:\/\/www.europesays.com\/fr\/115881\/"},"modified":"2025-05-21T03:30:13","modified_gmt":"2025-05-21T03:30:13","slug":"qui-est-pierre-edouard-sterin-ce-milliardaire-qui-a-snobe-lassemblee-nationale","status":"publish","type":"post","link":"https:\/\/www.europesays.com\/fr\/115881\/","title":{"rendered":"Qui est Pierre-\u00c9douard St\u00e9rin, ce milliardaire qui a snob\u00e9 l&rsquo;Assembl\u00e9e nationale ?"},"content":{"rendered":"<p class=\"article-p mdl\">Son nom fait grincer des dents \u00e0 l&rsquo;Assembl\u00e9e depuis qu&rsquo;il a pour la deuxi\u00e8me fois en moins d&rsquo;une semaine, pos\u00e9 un lapin \u00e0 la commission d&rsquo;enqu\u00eate sur \u00ab\u00a0l&rsquo;organisation des \u00e9lections en France\u00a0\u00bb. Pierre-\u00c9douard St\u00e9rin est un homme d&rsquo;affaires, devenu milliardaire avec son entreprise de coffrets-cadeaux, Smartbox.\u00a0<\/p>\n<p class=\"article-p mdl\">Conservateur, le chef d&rsquo;entreprise avait d\u00e9clar\u00e9 qu&rsquo;il \u00e9tait pr\u00eat \u00e0 d\u00e9penser 150 millions sur dix ans (via son fonds d&rsquo;investissement Otium Capital) pour influer sur le d\u00e9bat public et soutenir des candidats aux \u00e9lections.<\/p>\n<p><strong>Une ambition baptis\u00e9e \u00ab\u00a0projet P\u00e9ricl\u00e8s\u00a0\u00bb<\/strong>, r\u00e9f\u00e9rence \u00e0 l&rsquo;antique strat\u00e8ge ath\u00e9nien, mais surtout acronyme sans \u00e9quivoque de \u00ab\u00a0Patriotes Enracin\u00e9s R\u00e9sistants Identitaires Chr\u00e9tiens Lib\u00e9raux Europ\u00e9ens Souverainistes\u00a0\u00bb.<\/p>\n<p class=\"article-p mdl\">Un projet pour lequel il devait justement s&rsquo;expliquer devant la commission, mais Pierre-\u00c9douard St\u00e9rin a pr\u00e9f\u00e9r\u00e9 intervenir sur Cnews, en visioconf\u00e9rence depuis son domicile, pour affirmer que sa convocation n&rsquo;\u00e9tait qu&rsquo;un \u00ab\u00a0pr\u00e9texte\u00a0\u00bb pour des d\u00e9put\u00e9s qui \u00ab\u00a0ont juste envie de faire les marioles devant les cam\u00e9ras\u00a0\u00bb.<\/p>\n<p>            Catholique, conservateur et lib\u00e9ral<\/p>\n<p class=\"article-p mdl\">Ce patron se d\u00e9finit en fait comme un catholique, conservateur et lib\u00e9ral, deux \u00e9pith\u00e8tes que r\u00e9futent une bonne part des cadres lep\u00e9nistes. Le businessman \u00e9change en revanche r\u00e9guli\u00e8rement avec Eric Zemmour, avec qui <strong>il partage l&rsquo;ambition d'\u00a0\u00bbunir les droites\u00a0\u00bb<\/strong>, mais \u00e9galement Laurent Wauquiez. Lequel a appel\u00e9 la semaine derni\u00e8re \u00e0 rassembler \u00ab\u00a0de G\u00e9rald Darmanin \u00e0 Sarah Knafo\u00a0\u00bb, l&rsquo;eurod\u00e9put\u00e9e Reconqu\u00eate.<\/p>\n<p class=\"article-p mdl\">Nombre lui pr\u00eatent encore un int\u00e9r\u00eat croissant \u00e0 Bruno Retailleau. Reste que, dans un document interne \u00e0 P\u00e9ricl\u00e8s publi\u00e9 par l&rsquo;Humanit\u00e9 en juillet dernier, il appelait quoi qu&rsquo;il en soit \u00e0 \u00ab\u00a0construire une pr\u00e9sence proche des dirigeants de demain\u00a0\u00bb, que ceux-ci s&rsquo;appellent Jordan Bardella, Marine Le Pen, Eric Ciotti ou Edouard Philippe.<\/p>\n<p class=\"article-p mdl\">Comment atteindre ce dessein\u202f? P\u00e9ricl\u00e8s se veut \u00ab\u00a0une p\u00e9pini\u00e8re de projets m\u00e9tapolitiques\u00a0\u00bb qui donne \u00ab\u00a0les moyens de monter une initiative citoyenne\u00a0\u00bb, avait expliqu\u00e9 \u00e0 l&rsquo;Assembl\u00e9e M. R\u00e9rolle, en \u00e9voquant \u00ab\u00a0m\u00e9dias\u00a0\u00bb et \u00ab\u00a0cercles de r\u00e9flexion\u00a0\u00bb pour \u00ab\u00a0produire\u00a0\u00bb, \u00ab\u00a0diffuser\u00a0\u00bb et<strong> \u00ab\u00a0promouvoir des id\u00e9es dans l&rsquo;espace public\u00a0\u00bb.\u00a0<\/strong><\/p>\n<p>    La r\u00e9daction vous recommande<\/p>\n<p class=\"s-newsletter__title\">\n                L\u2019actualit\u00e9 par la r\u00e9daction de RTL dans votre bo\u00eete mail.\n            <\/p>\n<p class=\"s-newsletter__subtitle\">\n                Gr\u00e2ce \u00e0 votre compte RTL abonnez-vous \u00e0 la newsletter RTL info pour suivre toute l&rsquo;actualit\u00e9 au quotidien\n            <\/p>\n<p>\n                                    Lire la suite\n                                <\/p>\n","protected":false},"excerpt":{"rendered":"Son nom fait grincer des dents \u00e0 l&rsquo;Assembl\u00e9e depuis qu&rsquo;il a pour la deuxi\u00e8me fois en moins d&rsquo;une&hellip;\n","protected":false},"author":2,"featured_media":115882,"comment_status":"","ping_status":"","sticky":false,"template":"","format":"standard","meta":{"footnotes":""},"categories":[4],"tags":[11,416,6592,1076,107,1011,27,12,25],"class_list":{"0":"post-115881","1":"post","2":"type-post","3":"status-publish","4":"format-standard","5":"has-post-thumbnail","7":"category-france","8":"tag-actualites","9":"tag-assemblee-nationale","10":"tag-droite","11":"tag-extreme-droite","12":"tag-fil-info","13":"tag-fr","14":"tag-france","15":"tag-news","16":"tag-republique-francaise"},"share_on_mastodon":{"url":"https:\/\/pubeurope.com\/@fr\/114543710956532800","error":""},"_links":{"self":[{"href":"https:\/\/www.europesays.com\/fr\/wp-json\/wp\/v2\/posts\/115881","targetHints":{"allow":["GET"]}}],"collection":[{"href":"https:\/\/www.europesays.com\/fr\/wp-json\/wp\/v2\/posts"}],"about":[{"href":"https:\/\/www.europesays.com\/fr\/wp-json\/wp\/v2\/types\/post"}],"author":[{"embeddable":true,"href":"https:\/\/www.europesays.com\/fr\/wp-json\/wp\/v2\/users\/2"}],"replies":[{"embeddable":true,"href":"https:\/\/www.europesays.com\/fr\/wp-json\/wp\/v2\/comments?post=115881"}],"version-history":[{"count":0,"href":"https:\/\/www.europesays.com\/fr\/wp-json\/wp\/v2\/posts\/115881\/revisions"}],"wp:featuredmedia":[{"embeddable":true,"href":"https:\/\/www.europesays.com\/fr\/wp-json\/wp\/v2\/media\/115882"}],"wp:attachment":[{"href":"https:\/\/www.europesays.com\/fr\/wp-json\/wp\/v2\/media?parent=115881"}],"wp:term":[{"taxonomy":"category","embeddable":true,"href":"https:\/\/www.europesays.com\/fr\/wp-json\/wp\/v2\/categories?post=115881"},{"taxonomy":"post_tag","embeddable":true,"href":"https:\/\/www.europesays.com\/fr\/wp-json\/wp\/v2\/tags?post=115881"}],"curies":[{"name":"wp","href":"https:\/\/api.w.org\/{rel}","templated":true}]}}