{"id":1158813,"date":"2026-08-31T08:21:14","date_gmt":"2026-08-31T08:21:14","guid":{"rendered":"https:\/\/www.europesays.com\/fr\/1158813\/"},"modified":"2026-08-31T08:21:14","modified_gmt":"2026-08-31T08:21:14","slug":"avec-un-double-double-cofidis-en-feu-aussi-chez-les-filles-actualite","status":"publish","type":"post","link":"https:\/\/www.europesays.com\/fr\/1158813\/","title":{"rendered":"Avec un double doubl\u00e9, Cofidis en feu aussi chez les filles &#8211; Actualit\u00e9"},"content":{"rendered":"<p dir=\"ltr\">Quelle semaine m\u00e9morable pour la structure Cofidis ! <strong><a style=\"color: #000000; text-decoration: underline;\" href=\"https:\/\/www.directvelo.com\/actualite\/131587\/milan-fretin-et-un-plan-suivi-a-la-lettre\" target=\"_blank\" rel=\"noopener nofollow\">Le Belge Milan Fretin avait montr\u00e9 la voie<\/a><\/strong> sur les routes du TPC en Nouvelle-Aquitaine en y remportant les premi\u00e8re et derni\u00e8re \u00e9tapes, une semaine apr\u00e8s le succ\u00e8s d&rsquo;Hugo Page \u00e0 la Polynormande.\u00a0<strong><a style=\"color: #000000; text-decoration: underline;\" href=\"https:\/\/www.directvelo.com\/actualite\/131571\/bryan-coquard-la-fin-d-une-anomalie\" target=\"_blank\" rel=\"noopener nofollow\">Puis Bryan Coquard a enfin r\u00e9ussi son pari de remporter une \u00e9tape sur un Grand Tour,<\/a><\/strong> \u00e0 l\u2019occasion de la huiti\u00e8me \u00e9tape du Tour d\u2019Espagne. <strong><a style=\"color: #000000; text-decoration: underline;\" href=\"https:\/\/www.directvelo.com\/actualite\/131595\/alex-aranburu-il-ne-faut-jamais-baisser-les-bras\" target=\"_blank\" rel=\"noopener nofollow\">Alex Aranburu a d\u00e9croch\u00e9 une autre victoire de prestige pour la ProTeam masculine 24 heures plus tard, lors de la Bretagne Classic \u00e0 Plouay.<\/a><\/strong> Dans le m\u00eame temps, sur le front italien, les filles ont r\u00e9alis\u00e9 deux doubl\u00e9s au Tour de Toscane. Martina Alzini l\u2019avait emport\u00e9 devant sa co\u00e9quipi\u00e8re et compatriote Nadia Quagliotto le premier jour, avant que cette derni\u00e8re ne fasse une nouvelle fois 2 ce dimanche derri\u00e8re\u2026 Victoire Berteau. <\/p>\n<p dir=\"ltr\">Une bien belle victoire pour la Nordiste, qui faisait son retour \u00e0 la comp\u00e9tition ce week-end \u00e0 l\u2019occasion de l\u2019\u00e9preuve de Classe 2. Pour rappel, <strong><a style=\"color: #000000; text-decoration: underline;\" href=\"https:\/\/www.directvelo.com\/actualite\/130237\/une-victoire-et-une-fracture-pour-victoire-berteau\" target=\"_blank\" rel=\"noopener nofollow\">Victoire Berteau \u00e9tait tomb\u00e9e dans le dernier kilom\u00e8tre de la derni\u00e8re \u00e9tape d\u2019un Tour du Portugal qu\u2019elle avait\u2026 remport\u00e9.<\/a><\/strong> Elle s\u2019\u00e9tait alors fractur\u00e9e le sacrum, apr\u00e8s s\u2019\u00eatre d\u00e9j\u00e0 fractur\u00e9e le radius plus t\u00f4t dans la saison, au Tour des Flandres. L\u2019ancienne Championne de France avait ainsi d\u00fb renoncer \u00e0 participer au Tour de France. Mais elle a retrouv\u00e9 les pelotons le couteau entre les dents. \u201c\u00c7a a \u00e9t\u00e9 un long combat pour retrouver la course et je tiens \u00e0 remercier tout le staff pour m\u2019avoir soutenue de bout en bout. Il y a beaucoup de satisfaction et plein de sentiments qui se m\u00e9langent, forc\u00e9ment\u201d, se r\u00e9jouissait-elle aupr\u00e8s de sa formation apr\u00e8s la fin de ce Tour de Toscane.<\/p>\n<p>Victoire Berteau a conscience d\u2019avoir contribu\u00e9 \u00e0 une semaine historique pour le collectif des rouge-et-jaune. \u201cOn avait vraiment \u00e0 c\u0153ur de briller et on savait qu\u2019on avait toutes les qualit\u00e9s pour y parvenir. Je tiens \u00e0 remercier toutes mes co\u00e9quipi\u00e8res et le staff qui m\u00e9ritent tellement de vivre cette belle semaine\u201d.\u00a0\u00a0<\/p>\n","protected":false},"excerpt":{"rendered":"Quelle semaine m\u00e9morable pour la structure Cofidis ! Le Belge Milan Fretin avait montr\u00e9 la voie sur les&hellip;\n","protected":false},"author":2,"featured_media":1158814,"comment_status":"","ping_status":"","sticky":false,"template":"","format":"standard","meta":{"footnotes":"","_share_on_mastodon":"0"},"categories":[1411],"tags":[834,828,836,829,837,827,83,826,824,823,1154,207,814,817,815,816,822,821,832,211,839,1011,27,820,818,819,835,831,830,833,838,60,212,208,825],"class_list":["post-1158813","post","type-post","status-publish","format-standard","has-post-thumbnail","category-cyclisme","tag-attaque","tag-belgique","tag-braquet","tag-bretagne","tag-chute","tag-competition","tag-coupe-de-france","tag-coureur","tag-course-cyclisme","tag-course-cycliste","tag-cycling","tag-cyclisme","tag-direct","tag-direct-velo","tag-directvelo","tag-directvelo-com","tag-epreuve","tag-epreuve-cycliste","tag-federation-francaise-de-cyclisme","tag-ffc","tag-flandres","tag-fr","tag-france","tag-live","tag-live-course","tag-live-epreuve","tag-peloton","tag-radio-peloton","tag-radio-tour","tag-ravitaillement","tag-relance","tag-sports","tag-uci","tag-velo","tag-velos"],"share_on_mastodon":{"url":"https:\/\/pubeurope.com\/@fr\/117189154214166711","error":""},"_links":{"self":[{"href":"https:\/\/www.europesays.com\/fr\/wp-json\/wp\/v2\/posts\/1158813","targetHints":{"allow":["GET"]}}],"collection":[{"href":"https:\/\/www.europesays.com\/fr\/wp-json\/wp\/v2\/posts"}],"about":[{"href":"https:\/\/www.europesays.com\/fr\/wp-json\/wp\/v2\/types\/post"}],"author":[{"embeddable":true,"href":"https:\/\/www.europesays.com\/fr\/wp-json\/wp\/v2\/users\/2"}],"replies":[{"embeddable":true,"href":"https:\/\/www.europesays.com\/fr\/wp-json\/wp\/v2\/comments?post=1158813"}],"version-history":[{"count":0,"href":"https:\/\/www.europesays.com\/fr\/wp-json\/wp\/v2\/posts\/1158813\/revisions"}],"wp:featuredmedia":[{"embeddable":true,"href":"https:\/\/www.europesays.com\/fr\/wp-json\/wp\/v2\/media\/1158814"}],"wp:attachment":[{"href":"https:\/\/www.europesays.com\/fr\/wp-json\/wp\/v2\/media?parent=1158813"}],"wp:term":[{"taxonomy":"category","embeddable":true,"href":"https:\/\/www.europesays.com\/fr\/wp-json\/wp\/v2\/categories?post=1158813"},{"taxonomy":"post_tag","embeddable":true,"href":"https:\/\/www.europesays.com\/fr\/wp-json\/wp\/v2\/tags?post=1158813"}],"curies":[{"name":"wp","href":"https:\/\/api.w.org\/{rel}","templated":true}]}}