{"id":1158818,"date":"2026-08-31T08:24:13","date_gmt":"2026-08-31T08:24:13","guid":{"rendered":"https:\/\/www.europesays.com\/fr\/1158818\/"},"modified":"2026-08-31T08:24:13","modified_gmt":"2026-08-31T08:24:13","slug":"loeil-du-photographe-dans-le-pays-de-concarneau-vol-au-dessus-de-lanse-de-pouldohan-a-tregunc","status":"publish","type":"post","link":"https:\/\/www.europesays.com\/fr\/1158818\/","title":{"rendered":"L\u2019\u0152il du photographe dans le pays de Concarneau\u00a0: vol au-dessus de l\u2019Anse de Pouldohan \u00e0 Tr\u00e9gunc"},"content":{"rendered":"<p>Les couchers de soleil dans le pays de Concarneau offrent toujours de tr\u00e8s beaux spectacles. Mais vu du ciel, le clich\u00e9 gagne encore en magie. Saisie par le drone de Lionel Piolet, cette photo r\u00e9v\u00e8le toute la beaut\u00e9 et la s\u00e9r\u00e9nit\u00e9 d\u2019un soir d\u2019ao\u00fbt de l\u2019Anse de Pouldohan, \u00e0 Tr\u00e9gunc. Sous un ciel d\u00e9gag\u00e9, les derniers rayons viennent baigner le petit port d\u2019une lumi\u00e8re rasante. Un regard a\u00e9rien qui sublime ce petit coin de paradis.<\/p>\n<p>Pour \u00eatre publi\u00e9 dans cette rubrique r\u00e9serv\u00e9e aux photographes amateurs du pays de Concarneau, adressez-nous vos clich\u00e9s, r\u00e9cents de pr\u00e9f\u00e9rence et d\u2019une r\u00e9solution d\u2019au moins 1 Mo, \u00e0 <a href=\"https:\/\/www.letelegramme.fr\/cdn-cgi\/l\/email-protection\" class=\"__cf_email__\" data-cfemail=\"f0939f9e9391829e959185b09c9584959c959782919d9d95de9682\" rel=\"nofollow noopener\" target=\"_blank\">[email\u00a0protected]<\/a>. L\u2019envoi des images vaut autorisation de publication gratuite dans nos colonnes et sur le site internet du T\u00e9l\u00e9gramme.<\/p>\n","protected":false},"excerpt":{"rendered":"Les couchers de soleil dans le pays de Concarneau offrent toujours de tr\u00e8s beaux spectacles. Mais vu du&hellip;\n","protected":false},"author":2,"featured_media":1158819,"comment_status":"","ping_status":"","sticky":false,"template":"","format":"standard","meta":{"footnotes":"","_share_on_mastodon":"0"},"categories":[1358],"tags":[1348,1384,1385,3322,1386,58,59,1011,27,1756,19529],"class_list":["post-1158818","post","type-post","status-publish","format-standard","has-post-thumbnail","category-arts-et-design","tag-arts","tag-arts-and-design","tag-arts-et-design","tag-concarneau","tag-design","tag-divertissement","tag-entertainment","tag-fr","tag-france","tag-photographie","tag-tregunc"],"share_on_mastodon":{"url":"https:\/\/pubeurope.com\/@fr\/117189166202443379","error":""},"_links":{"self":[{"href":"https:\/\/www.europesays.com\/fr\/wp-json\/wp\/v2\/posts\/1158818","targetHints":{"allow":["GET"]}}],"collection":[{"href":"https:\/\/www.europesays.com\/fr\/wp-json\/wp\/v2\/posts"}],"about":[{"href":"https:\/\/www.europesays.com\/fr\/wp-json\/wp\/v2\/types\/post"}],"author":[{"embeddable":true,"href":"https:\/\/www.europesays.com\/fr\/wp-json\/wp\/v2\/users\/2"}],"replies":[{"embeddable":true,"href":"https:\/\/www.europesays.com\/fr\/wp-json\/wp\/v2\/comments?post=1158818"}],"version-history":[{"count":0,"href":"https:\/\/www.europesays.com\/fr\/wp-json\/wp\/v2\/posts\/1158818\/revisions"}],"wp:featuredmedia":[{"embeddable":true,"href":"https:\/\/www.europesays.com\/fr\/wp-json\/wp\/v2\/media\/1158819"}],"wp:attachment":[{"href":"https:\/\/www.europesays.com\/fr\/wp-json\/wp\/v2\/media?parent=1158818"}],"wp:term":[{"taxonomy":"category","embeddable":true,"href":"https:\/\/www.europesays.com\/fr\/wp-json\/wp\/v2\/categories?post=1158818"},{"taxonomy":"post_tag","embeddable":true,"href":"https:\/\/www.europesays.com\/fr\/wp-json\/wp\/v2\/tags?post=1158818"}],"curies":[{"name":"wp","href":"https:\/\/api.w.org\/{rel}","templated":true}]}}