{"id":1158830,"date":"2026-08-31T08:32:14","date_gmt":"2026-08-31T08:32:14","guid":{"rendered":"https:\/\/www.europesays.com\/fr\/1158830\/"},"modified":"2026-08-31T08:32:14","modified_gmt":"2026-08-31T08:32:14","slug":"cest-en-septembre-quil-faut-planter-cette-fleur-magique","status":"publish","type":"post","link":"https:\/\/www.europesays.com\/fr\/1158830\/","title":{"rendered":"C\u2019est en septembre qu\u2019il faut planter cette fleur magique"},"content":{"rendered":"<p>C\u2019est la star silencieuse du jardin, celle qui attire les<br \/>\nabeilles, fait fuir les pucerons et d\u00e9core les massifs de beaux<br \/>\np\u00e9tales orang\u00e9s. Alors que les nuisibles profitent de la m\u00e9t\u00e9o<br \/>\nencore cl\u00e9mente du mois de septembre pour s\u2019inviter dans les<br \/>\npotagers, cette plante rustique et color\u00e9e va les faire rebrousser<br \/>\nchemin, sans que vous ayez \u00e0 lever le petit doigt\u00a0!<\/p>\n<p>Le calendula, une alli\u00e9e incontournable au potager<\/p>\n<p>Avec ses <strong>fleurs orange vif<\/strong> et sa <a href=\"https:\/\/monjardinmamaison.maison-travaux.fr\/mon-jardin-ma-maison\/plantes-par-type\/arbres-et-arbustes\/arbres-arbustes\/arbuste-croissance-rapide-transforme-jardin-ecran-vegetal-temps-record-486521.html\" rel=\"nofollow noopener\" target=\"_blank\"><br \/>\n<strong>croissance rapide<\/strong><\/a>, le calendula, ou souci, est<br \/>\nsouvent le premier choix des jardiniers, qu\u2019ils soient amateurs ou<br \/>\naguerris. Facile \u00e0 semer, elle s\u2019adapte \u00e0 presque tous les sols<br \/>\ntant qu\u2019ils sont bien expos\u00e9s au soleil. Mais son v\u00e9ritable atout<br \/>\nr\u00e9side dans son r\u00f4le protecteur : <strong>elle repousse<br \/>\nnaturellement les pucerons, les mouches blanches et les<br \/>\nn\u00e9matodes<\/strong>, des ennemis bien connus des plants de<br \/>\n<strong>tomates, laitues et poivrons<\/strong>. On la retrouve<br \/>\nd\u2019ailleurs souvent <strong>associ\u00e9e \u00e0 ces cultures dans les<br \/>\npotagers<\/strong>.<\/p>\n<p>\u00ab\u00a0Le calendula est une \u00ab\u00a0plante pi\u00e8ge\u00a0\u00bb parmi les<br \/>\nesp\u00e8ces, car il concentre certains insectes dans ses fleurs,<br \/>\n\u00e9vitant qu\u2019ils n\u2019attaquent les cultures principales\u00a0\u00bb,<br \/>\nexplique la <strong>Royal Horticultural Society<\/strong>. Autre<br \/>\natout : <strong>elle attire<\/strong> aussi les <strong>insectes<br \/>\npollinisateurs<\/strong>, comme les <strong>abeilles et <a href=\"https:\/\/monjardinmamaison.maison-travaux.fr\/mon-jardin-ma-maison\/animaux\/insectes-et-nuisibles\/automne-meilleure-saison-attirer-papillons-509626.html\" rel=\"nofollow noopener\" target=\"_blank\"><br \/>\nles papillons<\/a><\/strong>, indispensables \u00e0 l\u2019\u00e9quilibre de<br \/>\nl\u2019\u00e9cosyst\u00e8me du jardin.<\/p>\n<p>Comment bien cultiver le calendula chez soi<\/p>\n<p>Le calendula n\u2019a rien d\u2019une diva. <strong>Un bon soleil direct,<br \/>\nun arrosage mod\u00e9r\u00e9, et c\u2019est parti pour une <a href=\"https:\/\/monjardinmamaison.maison-travaux.fr\/mon-jardin-ma-maison\/plantes-par-type\/arbres-et-arbustes\/arbres-arbustes\/arbustes-fleurs-tailler-explosion-couleurs-ete-494453.html\" rel=\"nofollow noopener\" target=\"_blank\"><br \/>\nexplosion de couleurs<\/a><\/strong>. Semez les graines directement<br \/>\nen pleine terre ou dans des pots larges au<br \/>\n<strong>printemps<\/strong> (en mars-avril), ou quelques jours avant<br \/>\n<strong>l\u2019automne<\/strong> (en septembre). Elles germent vite et<br \/>\n<strong>couvrent rapidement l\u2019espace.<\/strong><\/p>\n<p>Pas besoin de traitements compliqu\u00e9s : <strong>cette plante est<br \/>\nrobuste<\/strong>, et <strong>r\u00e9siste bien aux maladies<\/strong>,<br \/>\nsurtout si elle re\u00e7oit suffisamment de lumi\u00e8re. Un petit geste peut<br \/>\ncependant prolonger sa floraison : <strong>pensez \u00e0 retirer les<br \/>\n<a href=\"https:\/\/monjardinmamaison.maison-travaux.fr\/mon-jardin-ma-maison\/plantes-par-type\/fleurs-conseils-jardinage\/vous-coupez-fleurs-fanees-soir-voici-pourquoi-vous-mettez-votre-jardin-danger-508354.html\" rel=\"nofollow noopener\" target=\"_blank\"><br \/>\nfleurs fan\u00e9es<\/a><\/strong>, surtout celles br\u00fbl\u00e9es par le soleil.<br \/>\nCela stimule l\u2019apparition de nouveaux boutons et garde le massif<br \/>\nbien color\u00e9 durant des mois.<\/p>\n<blockquote class=\"instagram-media\" style=\"background: #ffffff;border: 0;margin: 1px;width: 100%;padding: 0;max-width: 500px;\" data-instgrm-permalink=\"https:\/\/www.instagram.com\/p\/DIPLLOfyG9S\/\" data-instgrm-version=\"14\"\/><p>\nUne plante utile m\u00eame hors du jardin<\/p>\n<p>En plus de son r\u00f4le r\u00e9pulsif, le souci a aussi trouv\u00e9 sa place<br \/>\ndans les <a href=\"https:\/\/monjardinmamaison.maison-travaux.fr\/mon-jardin-ma-maison\/plantes-par-type\/plantes-et-fleurs\/10-remedes-de-grands-meres-avec-les-plantes-du-jardin-178111.html\" rel=\"nofollow noopener\" target=\"_blank\"><br \/>\nrem\u00e8des naturels<\/a>. <strong>Ses fleurs sont parfois utilis\u00e9es en<br \/>\ninfusion ou en application locale<\/strong>, pour leurs<br \/>\n<strong>propri\u00e9t\u00e9s apaisantes<\/strong>.<\/p>\n<p>Sa <strong>polyvalence<\/strong> en fait une v\u00e9ritable<br \/>\n<strong>ressource naturelle<\/strong> pour tous ceux qui veulent<br \/>\n<strong>limiter leur consommation de produits chimiques<\/strong>,<br \/>\ntout en maintenant un jardin esth\u00e9tique, fonctionnel et plein de<br \/>\nvie. Du <a href=\"https:\/\/monjardinmamaison.maison-travaux.fr\/mon-jardin-ma-maison\/conseils-jardinage\/potager-sur-le-balcon-erreurs-a-eviter-absolument-que-vous-debutiez-ou-non-440290.html\" rel=\"nofollow noopener\" target=\"_blank\"><br \/>\n<strong>balcon urbain<\/strong><\/a> au <strong>potager<br \/>\nfamilial<\/strong>, elle trouve sa place partout.<\/p>\n<p>EN BREF<\/p>\n<ul class=\"bloc_resume_post_list\">\n<li>\ud83d\udc1d Le calendula, aussi appel\u00e9 souci, est une plante aux<br \/>\nfleurs orange vif qui repousse pucerons et attire<br \/>\nabeilles.<\/li>\n<li>\u2600\ufe0f Facile \u00e0 cultiver, le calendula n\u00e9cessite du soleil et<br \/>\nun arrosage mod\u00e9r\u00e9.<\/li>\n<li>\ud83c\udf3c Le calendula est une ressource naturelle pour un jardin<br \/>\nsans produits chimiques, du balcon au potager.<\/li>\n<\/ul>\n<p><script async src=\"\/\/www.instagram.com\/embed.js\"><\/script><\/p>\n","protected":false},"excerpt":{"rendered":"C\u2019est la star silencieuse du jardin, celle qui attire les abeilles, fait fuir les pucerons et d\u00e9core les&hellip;\n","protected":false},"author":2,"featured_media":1158831,"comment_status":"","ping_status":"","sticky":false,"template":"","format":"standard","meta":{"footnotes":"","_share_on_mastodon":"0"},"categories":[7],"tags":[1011,27,6055,43,40,41,39,42,44],"class_list":["post-1158830","post","type-post","status-publish","format-standard","has-post-thumbnail","category-sciences-et-technologies","tag-fr","tag-france","tag-republishing","tag-science","tag-science-and-technology","tag-sciences","tag-sciences-et-technologies","tag-technologies","tag-technology"],"share_on_mastodon":{"url":"https:\/\/pubeurope.com\/@fr\/117189197682573480","error":""},"_links":{"self":[{"href":"https:\/\/www.europesays.com\/fr\/wp-json\/wp\/v2\/posts\/1158830","targetHints":{"allow":["GET"]}}],"collection":[{"href":"https:\/\/www.europesays.com\/fr\/wp-json\/wp\/v2\/posts"}],"about":[{"href":"https:\/\/www.europesays.com\/fr\/wp-json\/wp\/v2\/types\/post"}],"author":[{"embeddable":true,"href":"https:\/\/www.europesays.com\/fr\/wp-json\/wp\/v2\/users\/2"}],"replies":[{"embeddable":true,"href":"https:\/\/www.europesays.com\/fr\/wp-json\/wp\/v2\/comments?post=1158830"}],"version-history":[{"count":0,"href":"https:\/\/www.europesays.com\/fr\/wp-json\/wp\/v2\/posts\/1158830\/revisions"}],"wp:featuredmedia":[{"embeddable":true,"href":"https:\/\/www.europesays.com\/fr\/wp-json\/wp\/v2\/media\/1158831"}],"wp:attachment":[{"href":"https:\/\/www.europesays.com\/fr\/wp-json\/wp\/v2\/media?parent=1158830"}],"wp:term":[{"taxonomy":"category","embeddable":true,"href":"https:\/\/www.europesays.com\/fr\/wp-json\/wp\/v2\/categories?post=1158830"},{"taxonomy":"post_tag","embeddable":true,"href":"https:\/\/www.europesays.com\/fr\/wp-json\/wp\/v2\/tags?post=1158830"}],"curies":[{"name":"wp","href":"https:\/\/api.w.org\/{rel}","templated":true}]}}