{"id":1158842,"date":"2026-08-31T08:40:17","date_gmt":"2026-08-31T08:40:17","guid":{"rendered":"https:\/\/www.europesays.com\/fr\/1158842\/"},"modified":"2026-08-31T08:40:17","modified_gmt":"2026-08-31T08:40:17","slug":"lorraine-nous-sommes-deja-contents-des-resultats-la-recolte-pour-les-mirabelles-touche-a-sa-fin","status":"publish","type":"post","link":"https:\/\/www.europesays.com\/fr\/1158842\/","title":{"rendered":"Lorraine. \u00ab\u00a0Nous sommes d\u00e9j\u00e0 contents des r\u00e9sultats\u00a0\u00bb\u00a0: la r\u00e9colte pour les mirabelles touche \u00e0 sa fin"},"content":{"rendered":"<p>Fermes, sucr\u00e9es et l\u00e9g\u00e8rement croquantes pour la texture et les saveurs. Jaune d\u2019or avec des reflets rouges pour la couleur. Charlotte Cunat, 41 ans, est satisfaite de la production de mirabelles. Sur les quatre hectares de vergers qu\u2019elle g\u00e8re avec son conjoint, Nicolas Dron, 44 ans, les jolis fruits dor\u00e9s sont cueillis \u00e0 la main par des saisonniers avant de finir dans un panier. \u00ab\u00a0On a commenc\u00e9 \u00e0 r\u00e9colter d\u00e8s le 27\u00a0juillet, on va finir la r\u00e9colte dans quelques jours, pr\u00e9cise la jeune m\u00e8re de famille. Apr\u00e8s, Nicolas et moi reprenons le travail.\u00a0\u00bb<\/p>\n<p>Les deux propri\u00e9taires de ce verger situ\u00e9 \u00e0 l\u2019entr\u00e9e du village de Borville, dans le Bayonnais, ont en effet une double activit\u00e9. Nicolas Dron est salari\u00e9 agricole et Charlotte Cunat travaille pour la F\u00e9d\u00e9ration des foyers ruraux de Meurthe-et-Moselle. Ils sont donc en \u00ab\u00a0vacances\u00a0\u00bb dans leur verger. Sous la chaleur, le travail est physique, mais ils peuvent compter sur les saisonniers et des membres de la famille pour leur donner un coup de&#8230;<\/p>\n","protected":false},"excerpt":{"rendered":"Fermes, sucr\u00e9es et l\u00e9g\u00e8rement croquantes pour la texture et les saveurs. Jaune d\u2019or avec des reflets rouges pour&hellip;\n","protected":false},"author":2,"featured_media":1158843,"comment_status":"","ping_status":"","sticky":false,"template":"","format":"standard","meta":{"footnotes":"","_share_on_mastodon":"0"},"categories":[9635],"tags":[1111,11,327,118998,6698,34750,33,3602,1707,1704,1706,1705,10174,436,1777,674,1011,27,775,3457,34751,34752,1702,12,3456,25,12817],"class_list":["post-1158842","post","type-post","status-publish","format-standard","has-post-thumbnail","category-nancy","tag-actu","tag-actualites","tag-agriculture","tag-borville","tag-canicule","tag-cc-meurthe","tag-economie","tag-edition-bar-le-duc","tag-edition-luneville","tag-edition-nancy-et-agglomeration","tag-edition-pont-a-mousson","tag-edition-toul","tag-edition-verdun","tag-environnement","tag-eu","tag-europe","tag-fr","tag-france","tag-grand-est","tag-meurthe-et-moselle","tag-mortagne","tag-moselle-54a","tag-nancy","tag-news","tag-region-lorraine","tag-republique-francaise","tag-secheresse"],"share_on_mastodon":{"url":"https:\/\/pubeurope.com\/@fr\/117189229130184501","error":""},"_links":{"self":[{"href":"https:\/\/www.europesays.com\/fr\/wp-json\/wp\/v2\/posts\/1158842","targetHints":{"allow":["GET"]}}],"collection":[{"href":"https:\/\/www.europesays.com\/fr\/wp-json\/wp\/v2\/posts"}],"about":[{"href":"https:\/\/www.europesays.com\/fr\/wp-json\/wp\/v2\/types\/post"}],"author":[{"embeddable":true,"href":"https:\/\/www.europesays.com\/fr\/wp-json\/wp\/v2\/users\/2"}],"replies":[{"embeddable":true,"href":"https:\/\/www.europesays.com\/fr\/wp-json\/wp\/v2\/comments?post=1158842"}],"version-history":[{"count":0,"href":"https:\/\/www.europesays.com\/fr\/wp-json\/wp\/v2\/posts\/1158842\/revisions"}],"wp:featuredmedia":[{"embeddable":true,"href":"https:\/\/www.europesays.com\/fr\/wp-json\/wp\/v2\/media\/1158843"}],"wp:attachment":[{"href":"https:\/\/www.europesays.com\/fr\/wp-json\/wp\/v2\/media?parent=1158842"}],"wp:term":[{"taxonomy":"category","embeddable":true,"href":"https:\/\/www.europesays.com\/fr\/wp-json\/wp\/v2\/categories?post=1158842"},{"taxonomy":"post_tag","embeddable":true,"href":"https:\/\/www.europesays.com\/fr\/wp-json\/wp\/v2\/tags?post=1158842"}],"curies":[{"name":"wp","href":"https:\/\/api.w.org\/{rel}","templated":true}]}}