{"id":115885,"date":"2025-05-21T03:32:19","date_gmt":"2025-05-21T03:32:19","guid":{"rendered":"https:\/\/www.europesays.com\/fr\/115885\/"},"modified":"2025-05-21T03:32:19","modified_gmt":"2025-05-21T03:32:19","slug":"la-ville-dans-les-soubresauts-de-la-deuxieme-republique-au-second-empire","status":"publish","type":"post","link":"https:\/\/www.europesays.com\/fr\/115885\/","title":{"rendered":"la ville dans les soubresauts de la Deuxi\u00e8me R\u00e9publique au Second Empire"},"content":{"rendered":"<p>En octobre\u00a01848, pour la premi\u00e8re fois, l\u00e9gitimiste Camille de Chambarlhac est \u00e9lu au suffrage universel. Une \u00ab\u00a0premi\u00e8re\u00a0\u00bb instaur\u00e9e par la Seconde R\u00e9publique. Mais ses probl\u00e8mes ne font que commencer.<\/p>\n<p>En effet, le second tour de ces \u00e9lections s\u2019est d\u00e9roul\u00e9 dans un climat d\u2019\u00e9meute\u00a0: les R\u00e9publicains acceptant mal la victoire des Conservateurs, qui s\u2019est dessin\u00e9e d\u00e8s le premier tour.<\/p>\n<p>Les mineurs de la Compagnie de Firminy, apr\u00e8s avoir vot\u00e9, s\u2019opposent \u00e0 ce que les Conservateurs puissent en faire autant. Coups et jurons sont \u00e9chang\u00e9s. Certains, plus \u00e9chauff\u00e9s, d\u00e9robent quelques fusils de la Garde Nationale entrepos\u00e9s en mairie et menacent de leur ba\u00efonnette ceux qui ne sont pas de leur avis et qui tentent de voter. Le pr\u00e9sident du jury, un certain&#8230;<\/p>\n","protected":false},"excerpt":{"rendered":"En octobre\u00a01848, pour la premi\u00e8re fois, l\u00e9gitimiste Camille de Chambarlhac est \u00e9lu au suffrage universel. Une \u00ab\u00a0premi\u00e8re\u00a0\u00bb instaur\u00e9e&hellip;\n","protected":false},"author":2,"featured_media":115886,"comment_status":"","ping_status":"","sticky":false,"template":"","format":"standard","meta":{"footnotes":""},"categories":[9653],"tags":[1111,11,2430,7539,1777,674,10282,10283,1011,27,937,12,25,4001,104],"class_list":{"0":"post-115885","1":"post","2":"type-post","3":"status-publish","4":"format-standard","5":"has-post-thumbnail","7":"category-saint-etienne","8":"tag-actu","9":"tag-actualites","10":"tag-auvergne-rhone-alpes","11":"tag-edition-loire-sud","12":"tag-eu","13":"tag-europe","14":"tag-firminy","15":"tag-firminy-ville","16":"tag-fr","17":"tag-france","18":"tag-histoire","19":"tag-news","20":"tag-republique-francaise","21":"tag-saint-etienne","22":"tag-societe"},"share_on_mastodon":{"url":"https:\/\/pubeurope.com\/@fr\/114543718799265710","error":""},"_links":{"self":[{"href":"https:\/\/www.europesays.com\/fr\/wp-json\/wp\/v2\/posts\/115885","targetHints":{"allow":["GET"]}}],"collection":[{"href":"https:\/\/www.europesays.com\/fr\/wp-json\/wp\/v2\/posts"}],"about":[{"href":"https:\/\/www.europesays.com\/fr\/wp-json\/wp\/v2\/types\/post"}],"author":[{"embeddable":true,"href":"https:\/\/www.europesays.com\/fr\/wp-json\/wp\/v2\/users\/2"}],"replies":[{"embeddable":true,"href":"https:\/\/www.europesays.com\/fr\/wp-json\/wp\/v2\/comments?post=115885"}],"version-history":[{"count":0,"href":"https:\/\/www.europesays.com\/fr\/wp-json\/wp\/v2\/posts\/115885\/revisions"}],"wp:featuredmedia":[{"embeddable":true,"href":"https:\/\/www.europesays.com\/fr\/wp-json\/wp\/v2\/media\/115886"}],"wp:attachment":[{"href":"https:\/\/www.europesays.com\/fr\/wp-json\/wp\/v2\/media?parent=115885"}],"wp:term":[{"taxonomy":"category","embeddable":true,"href":"https:\/\/www.europesays.com\/fr\/wp-json\/wp\/v2\/categories?post=115885"},{"taxonomy":"post_tag","embeddable":true,"href":"https:\/\/www.europesays.com\/fr\/wp-json\/wp\/v2\/tags?post=115885"}],"curies":[{"name":"wp","href":"https:\/\/api.w.org\/{rel}","templated":true}]}}