{"id":115887,"date":"2025-05-21T03:33:30","date_gmt":"2025-05-21T03:33:30","guid":{"rendered":"https:\/\/www.europesays.com\/fr\/115887\/"},"modified":"2025-05-21T03:33:30","modified_gmt":"2025-05-21T03:33:30","slug":"meteo-des-orages-de-grele-vont-frapper-la-loire-alerte-activee-les-secteurs-concernes","status":"publish","type":"post","link":"https:\/\/www.europesays.com\/fr\/115887\/","title":{"rendered":"M\u00e9t\u00e9o. Des orages de gr\u00eale vont frapper la Loire, alerte activ\u00e9e : les secteurs concern\u00e9s"},"content":{"rendered":"<p>            Par<br \/>\n        <strong><br \/>\n            <a href=\"https:\/\/actu.fr\/auteur\/julien-sournies\" title=\"Consulter tous les articles de Julien Sournies\" target=\"_blank\" rel=\"noopener\">Julien Sournies<\/a><br \/>\n        <\/strong><\/p>\n<p>        Publi\u00e9 le<\/p>\n<p>            19 mai 2025 \u00e0 11h47        <\/p>\n<p>La saison des <strong>orages<\/strong> n\u2019est visiblement pas termin\u00e9e. Ce lundi 19\u00a0mai 2025, <a href=\"https:\/\/actu.fr\/meteo\/des-orages-violents-attendus-en-france-lundi-des-dizaines-de-departements-deja-places-en-vigilance_62651959.html\" target=\"_blank\" rel=\"noopener\">M\u00e9t\u00e9o France a plac\u00e9 de nombreux d\u00e9partements<\/a>, dont figure notamment la <a href=\"https:\/\/actu.fr\/auvergne-rhone-alpes\/loire_42\" target=\"_blank\" rel=\"noopener\">Loire<\/a>, en vigilance orages. Voici quels sont les secteurs concern\u00e9s et \u00e0 quoi s\u2019attendre dans le d\u00e9partement lig\u00e9rien au cours des prochaines heures.<\/p>\n<p class=\" wall-content\">Alors que la matin\u00e9e se d\u00e9roule sous un ciel passag\u00e8rement nuageux, avec toutefois quelques gouttes localement, le temps va <strong>progressivement se g\u00e2ter<\/strong> au fil de la journ\u00e9e dans la Loire.<\/p>\n<p>2 \u00e0 4\u00a0cm de gr\u00eale dans la Loire<\/p>\n<p class=\" wall-content\">\u00ab\u2009Dans l\u2019apr\u00e8s-midi, malgr\u00e9 la persistance d\u2019\u00e9claircies, le temps devrait devenir de plus en plus instable avec un risque d\u2019orages en fin de journ\u00e9e\u2009\u00bb, annonce M\u00e9t\u00e9o Loire dans son bulletin m\u00e9t\u00e9o.<\/p>\n<p class=\" wall-content\">Toujours selon M\u00e9t\u00e9o Loire, des <strong>chutes de gr\u00eale<\/strong> sont \u00e9galement attendues (2 \u00e0 4\u00a0cm possible) avec de <strong>fortes rafales de vent<\/strong> (80 \u00e0 90\u00a0km\/h) et de fortes pluies.<\/p>\n<p class=\" wall-content\">De son c\u00f4t\u00e9, M\u00e9t\u00e9o France confirme la venue d\u2019orages sur l\u2019ensemble du d\u00e9partement lig\u00e9rien au cours de l\u2019apr\u00e8s-midi de ce lundi.<\/p>\n<p>Vid\u00e9os : en ce moment sur ActuEncore des risques d\u2019orages ce mardi<\/p>\n<p class=\" wall-content\">Concernant la journ\u00e9e de ce mardi 20\u00a0mai, la matin\u00e9e d\u00e9butera sous un ciel couvert. Quelques gouttes r\u00e9siduelles seront possibles. Mais dans l\u2019apr\u00e8s-midi, l\u2019instabilit\u00e9 reprendra avec de rares \u00e9claircies et des averses <strong>potentiellement orageuses<\/strong> localement, notamment sur le secteur de Charlieu, au nord de la Loire.<\/p>\n<p class=\" wall-content\">Quant au reste de la semaine, M\u00e9t\u00e9o France pr\u00e9voit encore et toujours de la pluie sur tout le d\u00e9partement, avec toutefois quelques \u00e9claircies par moments.<\/p>\n<p class=\" wall-content\">Suivez toute l\u2019actualit\u00e9 de vos villes et m\u00e9dias favoris en vous inscrivant \u00e0 <a href=\"https:\/\/moncompte.actu.fr\" title=\"D\u00e9couvez Mon Actu\" rel=\"nofollow noopener\" data-trk=\"{&quot;cta&quot;:{&quot;action&quot;:&quot;https:\\\/\\\/moncompte.actu.fr&quot;,&quot;category&quot;:&quot;mon compte&quot;,&quot;from&quot;:&quot;article footer&quot;,&quot;name&quot;:&quot;Mon actu&quot;,&quot;type&quot;:&quot;cta&quot;}}\" target=\"_blank\">Mon Actu<\/a>.<\/p>\n","protected":false},"excerpt":{"rendered":"Par Julien Sournies Publi\u00e9 le 19 mai 2025 \u00e0 11h47 La saison des orages n\u2019est visiblement pas termin\u00e9e.&hellip;\n","protected":false},"author":2,"featured_media":115888,"comment_status":"","ping_status":"","sticky":false,"template":"","format":"standard","meta":{"footnotes":""},"categories":[9653],"tags":[1111,11,2430,1777,674,1011,27,2487,2357,12,4594,25,4001],"class_list":{"0":"post-115887","1":"post","2":"type-post","3":"status-publish","4":"format-standard","5":"has-post-thumbnail","7":"category-saint-etienne","8":"tag-actu","9":"tag-actualites","10":"tag-auvergne-rhone-alpes","11":"tag-eu","12":"tag-europe","13":"tag-fr","14":"tag-france","15":"tag-meteo","16":"tag-meteo-france","17":"tag-news","18":"tag-orages","19":"tag-republique-francaise","20":"tag-saint-etienne"},"share_on_mastodon":{"url":"https:\/\/pubeurope.com\/@fr\/114543722892791134","error":""},"_links":{"self":[{"href":"https:\/\/www.europesays.com\/fr\/wp-json\/wp\/v2\/posts\/115887","targetHints":{"allow":["GET"]}}],"collection":[{"href":"https:\/\/www.europesays.com\/fr\/wp-json\/wp\/v2\/posts"}],"about":[{"href":"https:\/\/www.europesays.com\/fr\/wp-json\/wp\/v2\/types\/post"}],"author":[{"embeddable":true,"href":"https:\/\/www.europesays.com\/fr\/wp-json\/wp\/v2\/users\/2"}],"replies":[{"embeddable":true,"href":"https:\/\/www.europesays.com\/fr\/wp-json\/wp\/v2\/comments?post=115887"}],"version-history":[{"count":0,"href":"https:\/\/www.europesays.com\/fr\/wp-json\/wp\/v2\/posts\/115887\/revisions"}],"wp:featuredmedia":[{"embeddable":true,"href":"https:\/\/www.europesays.com\/fr\/wp-json\/wp\/v2\/media\/115888"}],"wp:attachment":[{"href":"https:\/\/www.europesays.com\/fr\/wp-json\/wp\/v2\/media?parent=115887"}],"wp:term":[{"taxonomy":"category","embeddable":true,"href":"https:\/\/www.europesays.com\/fr\/wp-json\/wp\/v2\/categories?post=115887"},{"taxonomy":"post_tag","embeddable":true,"href":"https:\/\/www.europesays.com\/fr\/wp-json\/wp\/v2\/tags?post=115887"}],"curies":[{"name":"wp","href":"https:\/\/api.w.org\/{rel}","templated":true}]}}