{"id":1158882,"date":"2026-08-31T09:16:13","date_gmt":"2026-08-31T09:16:13","guid":{"rendered":"https:\/\/www.europesays.com\/fr\/1158882\/"},"modified":"2026-08-31T09:16:13","modified_gmt":"2026-08-31T09:16:13","slug":"lille-psg-eric-wattellier-repond-a-la-polemique","status":"publish","type":"post","link":"https:\/\/www.europesays.com\/fr\/1158882\/","title":{"rendered":"Lille-PSG : Eric Wattellier r\u00e9pond \u00e0 la pol\u00e9mique"},"content":{"rendered":"<p><b>Le PSG a \u00e9galis\u00e9 en toute fin de rencontre face au <a href=\"https:\/\/www.foot01.com\/lille\" title=\"LOSC\" rel=\"nofollow noopener\" target=\"_blank\">LOSC<\/a>. Les Dogues n&rsquo;ont pas compris la longueur du temps additionnel accord\u00e9, alors que, pourtant, tout \u00e9tait parfaitement logique.<\/b>Le Paris Saint-Germain conna\u00eet quelques difficult\u00e9s en ce d\u00e9but de saison. Les hommes de Luis Enrique ont encha\u00een\u00e9 deux matchs nuls de suite face \u00e0 Rennes puis Lille. Dans les deux rencontres, les champions d&rsquo;Europe ont en plus d\u00fb remonter un \u00e9cart de deux buts. L&rsquo;entra\u00eeneur du <a href=\"https:\/\/www.foot01.com\/paris\/psg-un-probleme-doue-a-paris-la-verite-eclate\" target=\"_self\" rel=\"nofollow noopener\">PSG<\/a> ne s&rsquo;inqui\u00e8te en revanche pas plus que cela et a surtout appr\u00e9ci\u00e9 la force mentale de son \u00e9quipe. \u00c0 Lille, le PSG aura marqu\u00e9 deux buts dans le temps additionnel. Pour les Dogues, Eric Wattellier n&rsquo;aurait pas d\u00fb aller au-del\u00e0 du temps additionnel qu&rsquo;il avait initialement accord\u00e9. Mais l&rsquo;arbitre est rest\u00e9 dans sa logique, alors que les Lillois ont gagn\u00e9 du temps pour pr\u00e9server le score.Des \u00e9changes qui en disent longCes derni\u00e8res heures, <a href=\"https:\/\/www.foot01.com\/ligue1\" title=\"Ligue 1\" rel=\"nofollow noopener\" target=\"_blank\">Ligue 1<\/a>+ a notamment d\u00e9voil\u00e9 des extraits des \u00e9changes de l&rsquo;arbitre de LOSC-PSG, qui \u00e9tait \u00e9quip\u00e9 d&rsquo;une Ref Cam. Parmi les \u00e9changes, on peut entendre Wattellier pr\u00e9venir le gardien Berke \u00d6zer, \u00e0 la 90e+2, apr\u00e8s un l\u00e9ger contact, qu&rsquo;il devait arr\u00eater de gagner du temps sous peine de voir des secondes suppl\u00e9mentaires \u00eatre ajout\u00e9es : \u00ab S&rsquo;il vous pla\u00eet, levez-vous ou on ajoute une minute suppl\u00e9mentaire. \u00bb Quelques instants plus tard, l&rsquo;homme au sifflet aura une discussion avec Dilane Bakwa pour expliquer son raisonnement : \u00ab C&rsquo;est 3 + 1 minimum, on a mis 4 minutes parce qu&rsquo;ils ont marqu\u00e9 dans les arr\u00eats de jeu. Il y a eu un but, donc on en rajoute. \u00bb<\/p>\n<p>De quoi quelque peu calmer les ardeurs de certains fans et observateurs. \u00c0 noter que LOSC-PSG n&rsquo;est pas le seul match du week-end \u00e0 \u00eatre all\u00e9 au-del\u00e0 du temps additionnel minimum pr\u00e9alablement fix\u00e9. C&rsquo;\u00e9tait \u00e9galement le cas lors de Strasbourg-Lens, OL-Le Havre ou encore Rennes-Le Mans.<\/p>\n","protected":false},"excerpt":{"rendered":"Le PSG a \u00e9galis\u00e9 en toute fin de rencontre face au LOSC. Les Dogues n&rsquo;ont pas compris la&hellip;\n","protected":false},"author":2,"featured_media":1158883,"comment_status":"","ping_status":"","sticky":false,"template":"","format":"standard","meta":{"footnotes":"","_share_on_mastodon":"0"},"categories":[2815],"tags":[1111,11,1777,674,1011,27,811,66,1307,2267,12,93,25],"class_list":["post-1158882","post","type-post","status-publish","format-standard","has-post-thumbnail","category-lille","tag-actu","tag-actualites","tag-eu","tag-europe","tag-fr","tag-france","tag-hauts-de-france","tag-ligue-1","tag-lille","tag-losc","tag-news","tag-psg","tag-republique-francaise"],"share_on_mastodon":{"url":"https:\/\/pubeurope.com\/@fr\/117189370662452792","error":""},"_links":{"self":[{"href":"https:\/\/www.europesays.com\/fr\/wp-json\/wp\/v2\/posts\/1158882","targetHints":{"allow":["GET"]}}],"collection":[{"href":"https:\/\/www.europesays.com\/fr\/wp-json\/wp\/v2\/posts"}],"about":[{"href":"https:\/\/www.europesays.com\/fr\/wp-json\/wp\/v2\/types\/post"}],"author":[{"embeddable":true,"href":"https:\/\/www.europesays.com\/fr\/wp-json\/wp\/v2\/users\/2"}],"replies":[{"embeddable":true,"href":"https:\/\/www.europesays.com\/fr\/wp-json\/wp\/v2\/comments?post=1158882"}],"version-history":[{"count":0,"href":"https:\/\/www.europesays.com\/fr\/wp-json\/wp\/v2\/posts\/1158882\/revisions"}],"wp:featuredmedia":[{"embeddable":true,"href":"https:\/\/www.europesays.com\/fr\/wp-json\/wp\/v2\/media\/1158883"}],"wp:attachment":[{"href":"https:\/\/www.europesays.com\/fr\/wp-json\/wp\/v2\/media?parent=1158882"}],"wp:term":[{"taxonomy":"category","embeddable":true,"href":"https:\/\/www.europesays.com\/fr\/wp-json\/wp\/v2\/categories?post=1158882"},{"taxonomy":"post_tag","embeddable":true,"href":"https:\/\/www.europesays.com\/fr\/wp-json\/wp\/v2\/tags?post=1158882"}],"curies":[{"name":"wp","href":"https:\/\/api.w.org\/{rel}","templated":true}]}}