{"id":1158899,"date":"2026-08-31T09:28:26","date_gmt":"2026-08-31T09:28:26","guid":{"rendered":"https:\/\/www.europesays.com\/fr\/1158899\/"},"modified":"2026-08-31T09:28:26","modified_gmt":"2026-08-31T09:28:26","slug":"papa-roach-landmvrks-rejoint-leur-tournee-europeenne-a-paris-avec-oui-fm","status":"publish","type":"post","link":"https:\/\/www.europesays.com\/fr\/1158899\/","title":{"rendered":"Papa Roach : LANDMVRKS rejoint leur tourn\u00e9e europ\u00e9enne \u00e0 Paris avec O\u00dcI FM"},"content":{"rendered":"\n<p class=\"PDq2pG_selectionAnchorContainer\" data-start=\"79\" data-end=\"358\">Papa Roach repart sur les routes europ\u00e9ennes pour la tourn\u00e9e \u00ab\u00a0Rise of the Roach\u00a0\u00bb et passera deux fois par la France. Le groupe am\u00e9ricain sera \u00e0 l\u2019<strong>Adidas Arena de Paris le 1er d\u00e9cembre 2026,<\/strong> dont O\u00dcI FM est partenaire de cette date, puis \u00e0 la LDLC Arena de Lyon le 6 d\u00e9cembre 2027.\u00a0<\/p>\n<p class=\"PDq2pG_selectionAnchorContainer\" data-start=\"79\" data-end=\"358\">Apr\u00e8s une prestation plus que remarqu\u00e9e au festival Rock en Seine ce week-end (pour \u00eatre honn\u00eate : ils ont tout d\u00e9fonc\u00e9), les marseillais survolt\u00e9s de Landmvrks assureront la premi\u00e8re partie du concert parisien de Papa Roach.<\/p>\n<p>On \u00e9tait s\u00fbrs de leur succ\u00e8s. Celui-ci se confirme. Sans doute le doivent-ils \u00e0 leurs albums, certes, mais les concerts de Landmvrks, c\u2019est quelque chose. Ce week-end, Rock en Seine s\u2019en souvient avec courbatures et \u00e9motion au regard de l\u2019ambiance dans le mosh pit. S\u2019il fallait un groupe pour allumer la m\u00e8che, il semble bien que ce soient eux. Et les tourneurs ne s\u2019y sont pas tromp\u00e9s puisque Landmvrks joueront courant septembre autant \u00e0 Mexico qu\u2019\u00e0 Bogot\u00e1 ou en Argentine. Un d\u00e9luge de watts qui a fini par arriver aux oreilles de Papa Roach.<\/p>\n<p>Les californiens, connus pour leur metal sans concession, ont flair\u00e9 le candidat id\u00e9al pour chauffer leur public au fer rouge aux c\u00f4t\u00e9s de Sleep Theory.<\/p>\n<p>Voil\u00e0 les marseillais book\u00e9 pour ouvrir<strong> le concert des californiens le 1er d\u00e9cembre \u00e0 l\u2019Adidas Arena<\/strong>, un \u00e9v\u00e9nement que<strong> O\u00fci FM est fi\u00e8re d\u2019accompagner<\/strong>. L\u2019hiver risque d\u2019\u00eatre encore plus chaud.<\/p>\n<p>La billetterie est dores et d\u00e9j\u00e0 ouverte sur <a href=\"https:\/\/billetterie.adidasarena.com\/fr\/manifestation\/papa-roach-billet\/idmanif\/655767\/codtypadh\/FTT\/numadh\/01\/codeconf\/FTMS01\" rel=\"noopener nofollow\" target=\"_blank\">le site de l&rsquo;Adidas Arena<\/a>, notamment.<\/p>\n","protected":false},"excerpt":{"rendered":"Papa Roach repart sur les routes europ\u00e9ennes pour la tourn\u00e9e \u00ab\u00a0Rise of the Roach\u00a0\u00bb et passera deux fois&hellip;\n","protected":false},"author":2,"featured_media":1158900,"comment_status":"","ping_status":"","sticky":false,"template":"","format":"standard","meta":{"footnotes":"","_share_on_mastodon":"0"},"categories":[1888],"tags":[11,19014,119005,119004,119008,1777,674,1011,27,9185,119003,119007,12,59526,93540,119002,626,119006,25],"class_list":["post-1158899","post","type-post","status-publish","format-standard","has-post-thumbnail","category-paris","tag-actualites","tag-adidas-arena","tag-concert-landmvrks","tag-concert-papa-roach","tag-concert-rock-paris","tag-eu","tag-europe","tag-fr","tag-france","tag-landmvrks","tag-landmvrks-paris","tag-metalcore","tag-news","tag-oui-fm","tag-papa-roach","tag-papa-roach-paris","tag-paris","tag-premiere-partie-papa-roach","tag-republique-francaise"],"share_on_mastodon":{"url":"https:\/\/pubeurope.com\/@fr\/117189417512841921","error":""},"_links":{"self":[{"href":"https:\/\/www.europesays.com\/fr\/wp-json\/wp\/v2\/posts\/1158899","targetHints":{"allow":["GET"]}}],"collection":[{"href":"https:\/\/www.europesays.com\/fr\/wp-json\/wp\/v2\/posts"}],"about":[{"href":"https:\/\/www.europesays.com\/fr\/wp-json\/wp\/v2\/types\/post"}],"author":[{"embeddable":true,"href":"https:\/\/www.europesays.com\/fr\/wp-json\/wp\/v2\/users\/2"}],"replies":[{"embeddable":true,"href":"https:\/\/www.europesays.com\/fr\/wp-json\/wp\/v2\/comments?post=1158899"}],"version-history":[{"count":0,"href":"https:\/\/www.europesays.com\/fr\/wp-json\/wp\/v2\/posts\/1158899\/revisions"}],"wp:featuredmedia":[{"embeddable":true,"href":"https:\/\/www.europesays.com\/fr\/wp-json\/wp\/v2\/media\/1158900"}],"wp:attachment":[{"href":"https:\/\/www.europesays.com\/fr\/wp-json\/wp\/v2\/media?parent=1158899"}],"wp:term":[{"taxonomy":"category","embeddable":true,"href":"https:\/\/www.europesays.com\/fr\/wp-json\/wp\/v2\/categories?post=1158899"},{"taxonomy":"post_tag","embeddable":true,"href":"https:\/\/www.europesays.com\/fr\/wp-json\/wp\/v2\/tags?post=1158899"}],"curies":[{"name":"wp","href":"https:\/\/api.w.org\/{rel}","templated":true}]}}