{"id":1158901,"date":"2026-08-31T09:30:17","date_gmt":"2026-08-31T09:30:17","guid":{"rendered":"https:\/\/www.europesays.com\/fr\/1158901\/"},"modified":"2026-08-31T09:30:17","modified_gmt":"2026-08-31T09:30:17","slug":"lotan-sinspire-du-conflit-ukrainien-pour-former-ses-troupes-aux-guerres-modernes","status":"publish","type":"post","link":"https:\/\/www.europesays.com\/fr\/1158901\/","title":{"rendered":"L\u2019OTAN s\u2019inspire du conflit ukrainien pour former ses troupes aux guerres modernes"},"content":{"rendered":"<p class=\"c-paragraph\"><b>Par une nuit pluvieuse et sans lune, un groupe de soldats sort d\u2019un b\u00e2timent d\u00e9labr\u00e9 cens\u00e9 ressembler \u00e0 une \u00e9glise. Le relief alpin se dresse au-dessus d\u2019eux tandis qu\u2019ils se mettent silencieusement en route vers la lisi\u00e8re de la for\u00eat de la campagne allemande, situ\u00e9e \u00e0 une courte distance.<\/b><\/p>\n<p class=\"c-paragraph\">Ces soldats, membres des forces sp\u00e9ciales polonaises, participent \u00e0 un exercice con\u00e7u il y a seulement quelques mois, qui simule une perc\u00e9e \u00e0 travers les lignes ennemies, traversant des kilom\u00e8tres de terres hostiles pour lancer une frappe par drone sur un site ennemi strat\u00e9gique.<\/p>\n<p class=\"c-paragraph\">Con\u00e7u \u00e0 l\u2019origine par les B\u00e9rets verts de l\u2019arm\u00e9e am\u00e9ricaine pour les forces sp\u00e9ciales am\u00e9ricaines, cet exercice, qui a d\u00e9but\u00e9 vendredi, s\u2019inspire et simule bon nombre des d\u00e9fis auxquels les troupes ukrainiennes ont \u00e9t\u00e9 confront\u00e9es dans leur conflit avec la Russie. C\u2019est la premi\u00e8re fois qu\u2019un alli\u00e9 de l\u2019OTAN comme la Pologne entreprend cet entra\u00eenement, et cela intervient \u00e0 un moment o\u00f9 les tensions entre le pr\u00e9sident russe Vladimir Poutine et les pays de l\u2019OTAN sont intensifi\u00e9es.<\/p>\n<p class=\"c-paragraph\">\u00abNous tirons parti des enseignements tir\u00e9s de l\u2019exp\u00e9rience ukrainienne\u00bb, a d\u00e9clar\u00e9 jeudi un officier des B\u00e9rets verts de l\u2019arm\u00e9e affect\u00e9 au centre d\u2019entra\u00eenement. \u00abTous ces obstacles que nous voyons la Russie ou l\u2019Ukraine devoir surmonter \u2014 nous faisons de notre mieux pour les reproduire.\u00bb<\/p>\n<p class=\"c-paragraph\">L\u2019Associated Press a b\u00e9n\u00e9fici\u00e9 d\u2019un acc\u00e8s privil\u00e9gi\u00e9 tant au terrain d\u2019entra\u00eenement qu\u2019aux troupes menant l\u2019exercice, qui n\u2019a \u00e9t\u00e9 organis\u00e9 que deux fois auparavant \u2014 toutes deux cette ann\u00e9e, par deux \u00e9quipes diff\u00e9rentes de B\u00e9rets verts. <\/p>\n<p>Une frappe russe meurtri\u00e8re sur un minibus Ukraine Une frappe de drone russe contre un minibus a tu\u00e9 quatre personnes et bless\u00e9 cinq autres le 19 ao\u00fbt 2026 dans la ville Kherson, au sud de l&rsquo;Ukraine <\/p>\n<p class=\"c-paragraph\">Cet exercice met en \u00e9vidence l\u2019importance que certaines composantes de l\u2019arm\u00e9e am\u00e9ricaine accordent \u00e0 l\u2019apprentissage des techniques les plus r\u00e9centes en mati\u00e8re de guerre des drones, dont l\u2019Ukraine a \u00e9t\u00e9 la pionni\u00e8re au cours de ses quatre ans et demi de lutte pour repousser les forces russes.<\/p>\n<p class=\"c-paragraph\">Il montre \u00e9galement comment les \u00c9tats-Unis, leurs alli\u00e9s de l\u2019OTAN et l\u2019Ukraine collaborent pour contrer la menace d\u2019une \u00e9ventuelle nouvelle intervention russe dans les ann\u00e9es \u00e0 venir, alors m\u00eame que l\u2019administration Trump a annonc\u00e9 des r\u00e9ductions d\u2019effectifs en Europe.<\/p>\n<p class=\"c-paragraph\">Le directeur de la CIA, John Ratcliffe, s\u2019est rendu \u00e0 Moscou r\u00e9cemment pour mettre en garde la Russie des cons\u00e9quences qui suivraient toute attaque contre les pays de l\u2019OTAN, a rapport\u00e9 le Wall Street Journal. La Russie est encline \u00e0 mener des actes de sabotage et des cyberattaques contre les pays de l\u2019OTAN, mais M. Poutine souhaite \u00e9viter une confrontation directe, selon trois responsables occidentaux qui se sont exprim\u00e9s vendredi sous couvert d\u2019anonymat pour aborder des questions militaires sensibles.<\/p>\n<p>Se faufiler derri\u00e8re les lignes ennemies<\/p>\n<p class=\"c-paragraph\">Au cours de l\u2019exercice organis\u00e9 en Allemagne, un sous-officier sup\u00e9rieur familier avec le sc\u00e9nario d\u2019entra\u00eenement au Centre multinational interarm\u00e9es de pr\u00e9paration de Hohenfels \u2014 situ\u00e9 \u00e0 environ une heure de route au sud-est de Nuremberg \u2014 a indiqu\u00e9 que le plan pr\u00e9voyait de mener cet exercice plusieurs fois par an. L\u2019officier a d\u00e9clar\u00e9 qu\u2019il s\u2019attendait \u00e0 ce que la plupart, voire la totalit\u00e9, des 32 pays membres de l\u2019OTAN manifestent leur int\u00e9r\u00eat pour envoyer leurs troupes y participer.<\/p>\n<p class=\"c-paragraph\">Tous deux se sont exprim\u00e9s sous couvert d\u2019anonymat, conform\u00e9ment \u00e0 la politique de l\u2019arm\u00e9e am\u00e9ricaine consistant \u00e0 ne pas r\u00e9v\u00e9ler publiquement l\u2019identit\u00e9 des membres des unit\u00e9s des forces sp\u00e9ciales.<\/p>\n<p class=\"c-paragraph\">Le sc\u00e9nario, qui s\u2019\u00e9tend sur plusieurs jours, se d\u00e9roule sur un vaste terrain de 3000 kilom\u00e8tres carr\u00e9s nich\u00e9 dans la campagne bavaroise.<\/p>\n<p class=\"c-paragraph\">Les forces sp\u00e9ciales polonaises devront se faufiler au-del\u00e0 d\u2019une unit\u00e9 d\u2019infanterie a\u00e9roport\u00e9e de l\u2019arm\u00e9e am\u00e9ricaine, dont les soldats joueront le r\u00f4le de l\u2019ennemi. L\u2019unit\u00e9 am\u00e9ricaine se parachutera dans la zone d\u2019entra\u00eenement ferm\u00e9e de la base militaire de Hohenfels et se d\u00e9ploiera en premi\u00e8re ligne.<\/p>\n<p class=\"c-paragraph\">En supposant que les forces polonaises parviennent \u00e0 contourner l\u2019arm\u00e9e am\u00e9ricaine, elles devront ensuite se diriger vers le nord \u2014 en traversant environ 100 kilom\u00e8tres de campagne allemande \u2014 jusqu\u2019\u00e0 une autre zone d\u2019entra\u00eenement situ\u00e9e dans la ville de Grafenw\u00f6hr, o\u00f9 elles devront d\u00e9truire une cible simul\u00e9e.<\/p>\n<p class=\"c-paragraph\">Entre les deux se trouvent des fermes et des villages allemands, des cam\u00e9ras priv\u00e9es et publiques, ainsi qu\u2019une ville dens\u00e9ment peupl\u00e9e, autant d\u2019\u00e9l\u00e9ments qui constituent non seulement des obstacles, mais augmentent \u00e9galement le risque qu\u2019elles soient rep\u00e9r\u00e9es.<\/p>\n<p class=\"c-paragraph\">Le militaire du rang le plus haut grad\u00e9 a expliqu\u00e9 que lors des \u00e9ditions pr\u00e9c\u00e9dentes de cet exercice, les B\u00e9rets verts avaient retir\u00e9 leurs uniformes \u00abafin de se fondre dans la masse\u00bb, avant d\u2019ajouter que \u00abse fondre dans la masse signifie \u00e9galement ne pas se faire rep\u00e9rer par les civils\u00bb.<\/p>\n<p class=\"c-paragraph\">Les civils allemands de la r\u00e9gion ignorent pour la plupart l\u2019existence de cet exercice et constituent ainsi un test pertinent pour \u00e9valuer dans quelle mesure les forces sp\u00e9ciales parviennent \u00e0 se fondre dans la population locale. En cas d\u2019\u00e9chec, les signalements de personnes suspectes \u00e0 la police remonteront jusqu\u2019\u00e0 l\u2019arm\u00e9e, qui s\u2019en servira pour localiser l\u2019\u00e9quipe.<\/p>\n<p class=\"c-paragraph\">\u00abOn est cens\u00e9s \u00eatre en Russie, et l\u00e0-bas, on ne passe pas inaper\u00e7u\u00bb, a ajout\u00e9 le soldat.<\/p>\n<p class=\"c-paragraph\">De plus, l\u2019arm\u00e9e am\u00e9ricaine recherchera les forces polonaises \u00e0 l\u2019aide de ses propres drones. <\/p>\n<p class=\"c-paragraph\">Si elles sont rep\u00e9r\u00e9es, \u00abvous aurez alors tout l\u2019arsenal russe qui s\u2019abattra sur vous\u00bb, a indiqu\u00e9 le soldat.<\/p>\n<p class=\"c-paragraph\">L\u2019arm\u00e9e am\u00e9ricaine peut soit envoyer une unit\u00e9 de police militaire pour traquer les forces sp\u00e9ciales polonaises \u00e0 l\u2019aide de chiens, soit diriger davantage de drones vers la zone. Lors des \u00e9ditions pr\u00e9c\u00e9dentes de l\u2019exercice, l\u2019arm\u00e9e am\u00e9ricaine disposait de plus d\u2019une centaine de drones, a pr\u00e9cis\u00e9 le soldat. <\/p>\n<p class=\"c-paragraph\">Dans le cadre de cette formation, les soldats peuvent \u00eatre \u00abcaptur\u00e9s ou tu\u00e9s\u00bb.<\/p>\n<p>Poutine et Zelensky \u00abveulent tous les deux un accord\u00bb, affirme Trump Les pr\u00e9sidents ukrainien Volodymyr Zelensky et russe Vladimir Poutine \u00abveulent tous les deux\u00bb aboutir \u00e0 un accord pour mettre fin \u00e0 la guerre en Ukraine, a affirm\u00e9 Donald Trump, le 7 juillet 2026, \u00e0 Ankara. <\/p>\n<p>Expertise en drones<\/p>\n<p class=\"c-paragraph\">Alors que cet exercice met \u00e0 profit les drones et le travail d\u2019\u00e9quipe au sein de l\u2019OTAN, le message de collaboration et la valeur des drones ont r\u00e9cemment suscit\u00e9 des r\u00e9actions mitig\u00e9es au sein de l\u2019arm\u00e9e. <\/p>\n<p class=\"c-paragraph\">Le pr\u00e9sident Donald Trump a sem\u00e9 la confusion parmi les alli\u00e9s de l\u2019OTAN en changeant sans cesse d\u2019avis sur la r\u00e9duction des effectifs militaires am\u00e9ricains en Europe, et l\u2019administration a lanc\u00e9 une r\u00e9vision des forces pour d\u00e9finir les prochaines \u00e9tapes. Et la semaine derni\u00e8re, le chef d\u2019\u00e9tat-major de l\u2019arm\u00e9e de terre a dissous une unit\u00e9 sp\u00e9cialis\u00e9e dans la guerre des drones.<\/p>\n<p class=\"c-paragraph\">Mais dans l\u2019ensemble, on observe un int\u00e9r\u00eat croissant pour le recours \u00e0 l\u2019expertise de l\u2019Ukraine en mati\u00e8re de guerre moderne et, plus particuli\u00e8rement, de drones.<\/p>\n<p class=\"c-paragraph\">En mars, le pr\u00e9sident ukrainien Volodymyr Zelensky a d\u00e9clar\u00e9 que son pays aidait cinq pays du Moyen-Orient et de la r\u00e9gion du Golfe \u00e0 contrer les attaques de drones iraniens lanc\u00e9es lors de la guerre am\u00e9ricaine dans la r\u00e9gion, tandis que les \u00c9tats-Unis et les pays europ\u00e9ens figuraient parmi ceux qui sollicitaient ce soutien.<\/p>\n<p class=\"c-paragraph\">Parall\u00e8lement, le nombre d\u2019incursions myst\u00e9rieuses de drones en Europe a augment\u00e9, notamment ce mois-ci encore, lorsqu\u2019un couple de drones a \u00e9t\u00e9 rep\u00e9r\u00e9 au-dessus d\u2019une base militaire allemande et qu\u2019un drone transportant des explosifs a \u00e9t\u00e9 d\u00e9couvert dans un a\u00e9roport strat\u00e9gique en Allemagne.<\/p>\n","protected":false},"excerpt":{"rendered":"Par une nuit pluvieuse et sans lune, un groupe de soldats sort d\u2019un b\u00e2timent d\u00e9labr\u00e9 cens\u00e9 ressembler \u00e0&hellip;\n","protected":false},"author":2,"featured_media":1158902,"comment_status":"","ping_status":"","sticky":false,"template":"","format":"standard","meta":{"footnotes":"","_share_on_mastodon":"0"},"categories":[1591],"tags":[11,554,1887,14,12,316,1885,1886,132],"class_list":["post-1158901","post","type-post","status-publish","format-standard","has-post-thumbnail","category-russie","tag-actualites","tag-defense","tag-federation-de-russie","tag-international","tag-news","tag-politique","tag-russia","tag-russian-federation","tag-russie"],"share_on_mastodon":{"url":"https:\/\/pubeurope.com\/@fr\/117189425698776547","error":""},"_links":{"self":[{"href":"https:\/\/www.europesays.com\/fr\/wp-json\/wp\/v2\/posts\/1158901","targetHints":{"allow":["GET"]}}],"collection":[{"href":"https:\/\/www.europesays.com\/fr\/wp-json\/wp\/v2\/posts"}],"about":[{"href":"https:\/\/www.europesays.com\/fr\/wp-json\/wp\/v2\/types\/post"}],"author":[{"embeddable":true,"href":"https:\/\/www.europesays.com\/fr\/wp-json\/wp\/v2\/users\/2"}],"replies":[{"embeddable":true,"href":"https:\/\/www.europesays.com\/fr\/wp-json\/wp\/v2\/comments?post=1158901"}],"version-history":[{"count":0,"href":"https:\/\/www.europesays.com\/fr\/wp-json\/wp\/v2\/posts\/1158901\/revisions"}],"wp:featuredmedia":[{"embeddable":true,"href":"https:\/\/www.europesays.com\/fr\/wp-json\/wp\/v2\/media\/1158902"}],"wp:attachment":[{"href":"https:\/\/www.europesays.com\/fr\/wp-json\/wp\/v2\/media?parent=1158901"}],"wp:term":[{"taxonomy":"category","embeddable":true,"href":"https:\/\/www.europesays.com\/fr\/wp-json\/wp\/v2\/categories?post=1158901"},{"taxonomy":"post_tag","embeddable":true,"href":"https:\/\/www.europesays.com\/fr\/wp-json\/wp\/v2\/tags?post=1158901"}],"curies":[{"name":"wp","href":"https:\/\/api.w.org\/{rel}","templated":true}]}}