{"id":1158905,"date":"2026-08-31T09:32:31","date_gmt":"2026-08-31T09:32:31","guid":{"rendered":"https:\/\/www.europesays.com\/fr\/1158905\/"},"modified":"2026-08-31T09:32:31","modified_gmt":"2026-08-31T09:32:31","slug":"google-maps-renomme-le-lac-ontario-en-lac-amerique-aux-usa-apres-le-decret-de-trump-31-08-2026-a-1024","status":"publish","type":"post","link":"https:\/\/www.europesays.com\/fr\/1158905\/","title":{"rendered":"Google Maps renomme le lac Ontario en \u00ab\u00a0lac Am\u00e9rique\u00a0\u00bb aux USA apr\u00e8s le d\u00e9cret de Trump &#8211; 31\/08\/2026 \u00e0 10:24"},"content":{"rendered":"<p>\n Le lac Ontario, situ\u00e9 \u00e0 la fronti\u00e8re<br \/>\nentre les \u00c9tats-Unis et le Canada, a \u00e9t\u00e9 renomm\u00e9 \u00ab\u00a0lac Am\u00e9rique\u00a0\u00bb<br \/>\npour les utilisateurs am\u00e9ricains de la carte interactive de<br \/>\nGoogle Maps, a indiqu\u00e9 Google dans un communiqu\u00e9.\n<\/p>\n<p>\n Cette d\u00e9cision de l&rsquo;entreprise survient alors que le<br \/>\npr\u00e9sident am\u00e9ricain Donald Trump a sign\u00e9 un d\u00e9cret pour changer<br \/>\nle nom du lac, alimentant une querelle entre les Etats-Unis et<br \/>\nle Canada sur fond de n\u00e9gociations commerciales.\n<\/p>\n<p>\n \u00ab\u00a0Les utilisateurs de Maps aux \u00c9tats-Unis verront &lsquo;Lac<br \/>\nAm\u00e9rique&rsquo;, ceux au Canada continueront de voir &lsquo;Lac Ontario&rsquo;, et<br \/>\nceux situ\u00e9s en dehors des \u00c9tats-Unis et du Canada verront les<br \/>\ndeux noms\u00a0\u00bb, a pr\u00e9cis\u00e9 Google dans un article de blog publi\u00e9<br \/>\nsamedi.\n<\/p>\n<p>\n Le d\u00e9cret pr\u00e9sidentiel de Donald Trump concerne le Syst\u00e8me<br \/>\nd\u2019information sur les noms g\u00e9ographiques des \u00c9tats-Unis (GNIS),<br \/>\nqui d\u00e9finit les normes applicables aux cartes officielles<br \/>\nam\u00e9ricaines.\n<\/p>\n<p>\n Le d\u00e9cret n\u2019a aucune incidence sur les conventions de<br \/>\nd\u00e9nomination canadiennes ni sur la mani\u00e8re dont le reste du<br \/>\nmonde d\u00e9signe ce lac.\n<\/p>\n<p>\n La Maison blanche, le bureau du Premier ministre canadien<br \/>\nMark Carney et celui du Premier ministre de l\u2019Ontario Doug Ford<br \/>\nn\u2019ont pas imm\u00e9diatement comment\u00e9 la d\u00e9cision de Google.\n<\/p>\n<p>\n Google Maps avait proc\u00e9d\u00e9 \u00e0 un changement similaire l\u2019ann\u00e9e<br \/>\nderni\u00e8re pour le golfe du Mexique, le rebaptisant \u00ab\u00a0golfe<br \/>\nd\u2019Am\u00e9rique\u00a0\u00bb pour les utilisateurs am\u00e9ricains apr\u00e8s un d\u00e9cret de<br \/>\nDonald Trump, sign\u00e9 d\u00e8s son premier jour \u00e0 la Maison blanche.\n<\/p>\n<p>\n Mark Carney a rejet\u00e9 la semaine derni\u00e8re le changement de<br \/>\nnom du lac. La gouverneure d\u00e9mocrate de New York, Kathy Hochul,<br \/>\ndont l\u2019\u00c9tat partage une longue fronti\u00e8re avec le Canada, a<br \/>\nd\u00e9clar\u00e9 que \u00ab\u00a0(l&rsquo;Etat de) New York ne l\u2019appellera pas ainsi\u00a0\u00bb.\n<\/p>\n<p>\n Phil Scott, le gouverneur r\u00e9publicain du Vermont voisin, a<br \/>\n\u00e9galement qualifi\u00e9 la d\u00e9cision de Donald Trump de \u00ab\u00a0mesquine et<br \/>\nd\u00e9cevante\u00a0\u00bb sur les r\u00e9seaux sociaux.\n<\/p>\n<p>\n Le Premier ministre de l&rsquo;Etat canadien de l&rsquo;Ontario, Doug<br \/>\nFord, a d\u00e9voil\u00e9 samedi un grand panneau au bord du lac sur<br \/>\nlequel on peut lire, en anglais et en fran\u00e7ais : \u00ab\u00a0Lac Ontario.<br \/>\nAujourd\u2019hui et pour toujours\u00a0\u00bb.\n<\/p>\n<p>\n \u00ab\u00a0Le pr\u00e9sident Trump peut l\u2019appeler comme bon lui semble,<br \/>\nmais je peux vous dire que le reste du monde l\u2019appellera<br \/>\ntoujours le lac Ontario\u00a0\u00bb, a d\u00e9clar\u00e9 Doug Ford dans une vid\u00e9o<br \/>\npubli\u00e9 sur X.\n<\/p>\n<p>\n (R\u00e9dig\u00e9 par Joseph Ax et Andrew Chung ; avec Allison Lampert<br \/>\n; version fran\u00e7aise Etienne Breban, \u00e9dit\u00e9 par Augustin Turpin)<\/p>\n","protected":false},"excerpt":{"rendered":"Le lac Ontario, situ\u00e9 \u00e0 la fronti\u00e8re entre les \u00c9tats-Unis et le Canada, a \u00e9t\u00e9 renomm\u00e9 \u00ab\u00a0lac Am\u00e9rique\u00a0\u00bb&hellip;\n","protected":false},"author":2,"featured_media":8765,"comment_status":"","ping_status":"","sticky":false,"template":"","format":"standard","meta":{"footnotes":"","_share_on_mastodon":"0"},"categories":[1589],"tags":[400,11,398,408,405,73,1866,403,402,399,404,12,401,406,1864,1865,1863,308,407],"class_list":["post-1158905","post","type-post","status-publish","format-standard","has-post-thumbnail","category-etats-unis","tag-action-cac-40","tag-actualites","tag-bourse-de-paris","tag-boursorama","tag-cotations","tag-etats-unis","tag-etats-unis-damerique","tag-indices-devises","tag-investir","tag-investissement","tag-marche-boursier","tag-news","tag-sicav","tag-trackers","tag-united-states","tag-united-states-of-america","tag-us","tag-usa","tag-warrants"],"share_on_mastodon":{"url":"https:\/\/pubeurope.com\/@fr\/117189433389310459","error":""},"_links":{"self":[{"href":"https:\/\/www.europesays.com\/fr\/wp-json\/wp\/v2\/posts\/1158905","targetHints":{"allow":["GET"]}}],"collection":[{"href":"https:\/\/www.europesays.com\/fr\/wp-json\/wp\/v2\/posts"}],"about":[{"href":"https:\/\/www.europesays.com\/fr\/wp-json\/wp\/v2\/types\/post"}],"author":[{"embeddable":true,"href":"https:\/\/www.europesays.com\/fr\/wp-json\/wp\/v2\/users\/2"}],"replies":[{"embeddable":true,"href":"https:\/\/www.europesays.com\/fr\/wp-json\/wp\/v2\/comments?post=1158905"}],"version-history":[{"count":0,"href":"https:\/\/www.europesays.com\/fr\/wp-json\/wp\/v2\/posts\/1158905\/revisions"}],"wp:featuredmedia":[{"embeddable":true,"href":"https:\/\/www.europesays.com\/fr\/wp-json\/wp\/v2\/media\/8765"}],"wp:attachment":[{"href":"https:\/\/www.europesays.com\/fr\/wp-json\/wp\/v2\/media?parent=1158905"}],"wp:term":[{"taxonomy":"category","embeddable":true,"href":"https:\/\/www.europesays.com\/fr\/wp-json\/wp\/v2\/categories?post=1158905"},{"taxonomy":"post_tag","embeddable":true,"href":"https:\/\/www.europesays.com\/fr\/wp-json\/wp\/v2\/tags?post=1158905"}],"curies":[{"name":"wp","href":"https:\/\/api.w.org\/{rel}","templated":true}]}}