{"id":1158906,"date":"2026-08-31T09:33:16","date_gmt":"2026-08-31T09:33:16","guid":{"rendered":"https:\/\/www.europesays.com\/fr\/1158906\/"},"modified":"2026-08-31T09:33:16","modified_gmt":"2026-08-31T09:33:16","slug":"ni-camion-ni-fete-letrange-depart-de-meghan-et-harry-vers-le-royaume-uni-intrigue-leurs-voisins","status":"publish","type":"post","link":"https:\/\/www.europesays.com\/fr\/1158906\/","title":{"rendered":"\u00ab\u00a0Ni camion, ni f\u00eate\u00a0\u00bb\u00a0: l&rsquo;\u00e9trange d\u00e9part de Meghan et Harry vers le Royaume-Uni intrigue leurs voisins"},"content":{"rendered":"<p>Quelques jours avant la rentr\u00e9e des classes de <a href=\"https:\/\/www.marieclaire.fr\/archie-et-lilibet-en-californie-l-album-photo-intime-des-enfants-de-meghan-et-harry,1519079.asp\" title=\"Archie et Lilibet en Californie\u00a0: l&#039;album photo intime des enfants de Meghan et Harry\" class=\"internal\" rel=\"nofollow noopener\" target=\"_blank\">leurs deux enfants, Archie et Lilibet<\/a>, Meghan Markle et le prince Harry ont atterri \u00e0 l&rsquo;a\u00e9roport de Birmingham. Un retour sur le sol britannique tr\u00e8s comment\u00e9 dans la presse mais qui a fait beaucoup moins de bruit du c\u00f4t\u00e9 de Montecito selon leurs voisins.<\/p>\n<p>Lire aussi<\/p>\n<p>\t\t\t<a class=\"ContextualLinks-link\" href=\"https:\/\/www.marieclaire.fr\/12-000-de-l-heure-la-facture-salee-du-vol-retour-d-harry-et-meghan-au-royaume-uni,1519345.asp\" rel=\"nofollow noopener\" target=\"_blank\">12 000 $ de l\u2019heure\u00a0: la facture sal\u00e9e du vol retour d&rsquo;Harry et Meghan au Royaume-Uni<\/a>\t<\/p>\n<p>L&rsquo;un d&rsquo;eux s&rsquo;est confi\u00e9 au <a href=\"https:\/\/www.dailymail.com\/news\/royals\/article-16090033\/Meghan-Harry-Montecito-neighbours.html\" target=\"_blank\" rel=\"noopener nofollow\">Daily Mail<\/a> : \u00ab\u00a0Il n&rsquo;y a eu ni camions de d\u00e9m\u00e9nagement, ni f\u00eates, rien du tout. Un jour, ils \u00e9taient l\u00e0, et le lendemain, ils \u00e9taient de retour en Angleterre.\u00a0\u00bb Un autre a lui expliqu\u00e9 ne jamais les avoir crois\u00e9s : \u00ab\u00a0Je doute que quelqu&rsquo;un aurait remarqu\u00e9 leur d\u00e9part si l&rsquo;information n&rsquo;avait pas \u00e9t\u00e9 relay\u00e9e par les m\u00e9dias.\u00a0\u00bb Le couple aurait en effet v\u00e9cu tr\u00e8s discr\u00e8tement depuis leur arriv\u00e9e, six ans plus t\u00f4t, dans le pays natal de Meghan Markle.<\/p>\n<p>Des relations distantes avec le voisinage<\/p>\n<p>Susan, l&rsquo;une des voisines du couple, a expliqu\u00e9 ne les avoir aper\u00e7us que quelques fois, \u00e0 v\u00e9lo ou en voiture, durant toutes ces ann\u00e9es et n&rsquo;avoir jamais r\u00e9ussi \u00e0 nouer un lien avec eux. Lors de leur emm\u00e9nagement, elle avait tent\u00e9 de leur offrir un cadeau de bienvenue : \u00ab\u00a0J&rsquo;ai d\u00e9pos\u00e9 une bouteille de vin \u00e0 leur portail pour leur souhaiter la bienvenue, mais elle m&rsquo;a \u00e9t\u00e9 rendue intacte d\u00e8s le lendemain. Je ne suis pas s\u00fbre qu&rsquo;ils n&rsquo;aient jamais eu envie de fr\u00e9quenter des gens qui n&rsquo;\u00e9taient ni milliardaires, ni c\u00e9l\u00e8bres, ni les deux \u00e0 la fois.\u00a0\u00bb<\/p>\n<p>Lire aussi<\/p>\n<p>\t\t\t<a class=\"ContextualLinks-link\" href=\"https:\/\/www.marieclaire.fr\/personne-ne-veut-travailler-pour-eux-pourquoi-la-reputation-de-meghan-markle-l-empeche-de-recruter-du-personnel,1519258.asp\" rel=\"nofollow noopener\" target=\"_blank\">\u00ab\u00a0Personne ne veut travailler pour eux\u00a0\u00bb\u00a0: pourquoi la r\u00e9putation de Meghan Markle l&#8217;emp\u00eache de recruter du personnel<\/a>\t<\/p>\n<p>Si aucun des voisins du couple ne semblent regretter leur d\u00e9part soudain, tous semblent comprendre la volont\u00e9 de Meghan Markle et du prince Harry de retourner au Royaume-Uni : Ici, eux et leurs enfants ne repr\u00e9sentent pas grand-chose en termes de statut. En Grande-Bretagne, leurs titres ont une signification.\u00a0\u00bb, a expliqu\u00e9 Wendy Foster, propri\u00e9taire d&rsquo;une boutique \u00e0 Montecito.<\/p>\n","protected":false},"excerpt":{"rendered":"Quelques jours avant la rentr\u00e9e des classes de leurs deux enfants, Archie et Lilibet, Meghan Markle et le&hellip;\n","protected":false},"author":2,"featured_media":1158907,"comment_status":"","ping_status":"","sticky":false,"template":"","format":"standard","meta":{"footnotes":"","_share_on_mastodon":"0"},"categories":[1588],"tags":[11,1777,674,12,473,1853,1851,1850,1852],"class_list":["post-1158906","post","type-post","status-publish","format-standard","has-post-thumbnail","category-royaume-uni","tag-actualites","tag-eu","tag-europe","tag-news","tag-royaume-uni","tag-royaume-uni-de-grande-bretagne-et-dirlande-du-nord","tag-uk","tag-united-kingdom","tag-united-kingdom-of-great-britain-and-northern-ireland"],"share_on_mastodon":{"url":"https:\/\/pubeurope.com\/@fr\/117189437435506729","error":""},"_links":{"self":[{"href":"https:\/\/www.europesays.com\/fr\/wp-json\/wp\/v2\/posts\/1158906","targetHints":{"allow":["GET"]}}],"collection":[{"href":"https:\/\/www.europesays.com\/fr\/wp-json\/wp\/v2\/posts"}],"about":[{"href":"https:\/\/www.europesays.com\/fr\/wp-json\/wp\/v2\/types\/post"}],"author":[{"embeddable":true,"href":"https:\/\/www.europesays.com\/fr\/wp-json\/wp\/v2\/users\/2"}],"replies":[{"embeddable":true,"href":"https:\/\/www.europesays.com\/fr\/wp-json\/wp\/v2\/comments?post=1158906"}],"version-history":[{"count":0,"href":"https:\/\/www.europesays.com\/fr\/wp-json\/wp\/v2\/posts\/1158906\/revisions"}],"wp:featuredmedia":[{"embeddable":true,"href":"https:\/\/www.europesays.com\/fr\/wp-json\/wp\/v2\/media\/1158907"}],"wp:attachment":[{"href":"https:\/\/www.europesays.com\/fr\/wp-json\/wp\/v2\/media?parent=1158906"}],"wp:term":[{"taxonomy":"category","embeddable":true,"href":"https:\/\/www.europesays.com\/fr\/wp-json\/wp\/v2\/categories?post=1158906"},{"taxonomy":"post_tag","embeddable":true,"href":"https:\/\/www.europesays.com\/fr\/wp-json\/wp\/v2\/tags?post=1158906"}],"curies":[{"name":"wp","href":"https:\/\/api.w.org\/{rel}","templated":true}]}}