{"id":115891,"date":"2025-05-21T03:35:29","date_gmt":"2025-05-21T03:35:29","guid":{"rendered":"https:\/\/www.europesays.com\/fr\/115891\/"},"modified":"2025-05-21T03:35:29","modified_gmt":"2025-05-21T03:35:29","slug":"le-motard-qui-a-fonce-sur-un-gendarme-pendant-un-rodeo-place-en-detention-2","status":"publish","type":"post","link":"https:\/\/www.europesays.com\/fr\/115891\/","title":{"rendered":"Le motard qui a fonc\u00e9 sur un gendarme pendant un rod\u00e9o plac\u00e9 en d\u00e9tention"},"content":{"rendered":"<p>Son jugement attendra. <a href=\"https:\/\/www.20minutes.fr\/faits_divers\/4154018-20250517-nancy-gendarme-blesse-apres-avoir-volontairement-percute-lors-rodeo-urbain\" class=\"color-ultramarine c-link\" target=\"_blank\" rel=\"noopener\">Un jeune homme de 20 ans, soup\u00e7onn\u00e9 d\u2019avoir bless\u00e9 vendredi un gendarme dans un contexte de rod\u00e9o urbain \u00e0 Neuves-Maisons<\/a> (<a href=\"https:\/\/www.20minutes.fr\/dossier\/meurthe-et-moselle\" class=\"color-ultramarine c-link\" target=\"_blank\" rel=\"noopener\">Meurthe-et-Moselle<\/a>), a \u00e9t\u00e9 plac\u00e9 lundi en d\u00e9tention provisoire dans l\u2019attente de son proc\u00e8s, report\u00e9 au 16\u00a0juin.<\/p>\n<p>Jug\u00e9 en comparution imm\u00e9diate lundi, le pr\u00e9venu a demand\u00e9 un d\u00e9lai pour pr\u00e9parer sa d\u00e9fense. Le tribunal correctionnel de <a href=\"https:\/\/www.20minutes.fr\/dossier\/nancy\" class=\"color-ultramarine c-link\" target=\"_blank\" rel=\"noopener\">Nancy<\/a> a ordonn\u00e9 un mandat de d\u00e9p\u00f4t, dans l\u2019attente de son jugement le 16\u00a0juin.<\/p>\n<\/p>\n<p>Le repr\u00e9sentant du minist\u00e8re public avait requis ce placement en d\u00e9tention provisoire afin d\u2019\u00e9viter un renouvellement de l\u2019infraction, soulignant qu\u2019il a commis \u00ab\u00a0deux refus d\u2019obtemp\u00e9rer\u00a0\u00bb le m\u00eame jour et qu\u2019il \u00e9tait \u00ab\u00a0d\u00e9j\u00e0 connu pour des infractions au <a href=\"https:\/\/www.20minutes.fr\/dossier\/code_de_la_route\" class=\"color-ultramarine c-link\" target=\"_blank\" rel=\"noopener\">Code de la route<\/a>\u00a0\u00bb. \u00ab\u00a0C\u2019est un danger pour les usagers de la route\u00a0\u00bb, a continu\u00e9 Amaury Lac\u00f4te, le qualifiant de \u00ab\u00a0totalement inconscient\u00a0\u00bb.<\/p>\n<p>Les faits se sont produits vendredi, apr\u00e8s 21 heures, \u00e0 Neuves-Maisons, pr\u00e8s de Nancy, quand un gendarme de 24 ans, \u00e0 pied, enjoint le pr\u00e9venu, \u00e0 moto, de s\u2019arr\u00eater. Plusieurs vid\u00e9os de surveillance le montrent faisant des zigzags ou des acc\u00e9l\u00e9rations avec sa moto KTM.<\/p>\n<p>Commettant un deuxi\u00e8me refus d\u2019obtemp\u00e9rer &#8211; il avait d\u00e9j\u00e0 grill\u00e9 un feu rouge pour se soustraire \u00e0 une demande des militaires de s\u2019arr\u00eater \u2013, le jeune homme a acc\u00e9l\u00e9r\u00e9, percutant le gendarme, qui a chut\u00e9 au sol.<\/p>\n<p>\u00ab\u00a0Je suis sinc\u00e8rement d\u00e9sol\u00e9\u00a0\u00bb<\/p>\n<p>Souffrant de fractures \u00e0 une jambe, le gendarme a \u00e9t\u00e9 op\u00e9r\u00e9 et s\u2019est vu prescrire 60 jours d\u2019ITT. Il a toutefois, dans un courrier envoy\u00e9 au tribunal lundi, expliqu\u00e9 que \u00ab\u00a0les m\u00e9decins lui ont parl\u00e9 d\u2019amputation et qu\u2019il ne savait pas, \u00e0 ce jour, si sa jambe pourrait \u00eatre sauv\u00e9e\u00a0\u00bb, a dit le pr\u00e9sident du <a href=\"https:\/\/www.20minutes.fr\/dossier\/tribunal\" class=\"color-ultramarine c-link\" target=\"_blank\" rel=\"noopener\">tribunal<\/a> Arnaud Desplan.<\/p>\n<p>Le pr\u00e9venu avait, lui, pris la fuite \u00e0 pied avant de se rendre, samedi matin, au <a href=\"https:\/\/www.20minutes.fr\/dossier\/commissariat\" class=\"color-ultramarine c-link\" target=\"_blank\" rel=\"noopener\">commissariat<\/a> de Nancy, o\u00f9 il a \u00e9t\u00e9 plac\u00e9 en garde \u00e0 vue. \u00ab\u00a0Je suis sinc\u00e8rement d\u00e9sol\u00e9 pour ce qu\u2019il s\u2019est pass\u00e9. Je n\u2019ai vraiment pas fait expr\u00e8s de provoquer ce qu\u2019il s\u2019est pass\u00e9\u00a0\u00bb, a dit le pr\u00e9venu \u00e0 l\u2019audience. En garde \u00e0 vue, il avait d\u00e9clar\u00e9 qu\u2019il s\u2019agissait d\u2019un \u00ab\u00a0accident\u00a0\u00bb.<\/p>\n<p>Un adolescent de 16 ans qui avait r\u00e9cup\u00e9r\u00e9 la moto juste apr\u00e8s la fuite du pilote avait aussi \u00e9t\u00e9 interpell\u00e9. Il sera jug\u00e9 le 5\u00a0novembre par le juge des enfants. Il est en attendant plac\u00e9 sous contr\u00f4le judiciaire, conform\u00e9ment aux r\u00e9quisitions du parquet, a indiqu\u00e9 le <a href=\"https:\/\/www.20minutes.fr\/dossier\/procureur_de_la_republique\" class=\"color-ultramarine c-link\" target=\"_blank\" rel=\"noopener\">procureur de la R\u00e9publique<\/a> Fran\u00e7ois Capin-Dulhoste dans un communiqu\u00e9.<\/p>\n","protected":false},"excerpt":{"rendered":"Son jugement attendra. Un jeune homme de 20 ans, soup\u00e7onn\u00e9 d\u2019avoir bless\u00e9 vendredi un gendarme dans un contexte&hellip;\n","protected":false},"author":2,"featured_media":115892,"comment_status":"","ping_status":"","sticky":false,"template":"","format":"standard","meta":{"footnotes":""},"categories":[9635],"tags":[1111,47,11,1777,674,118,1011,27,775,776,3457,1702,12,25,19057],"class_list":{"0":"post-115891","1":"post","2":"type-post","3":"status-publish","4":"format-standard","5":"has-post-thumbnail","7":"category-nancy","8":"tag-actu","9":"tag-actualite","10":"tag-actualites","11":"tag-eu","12":"tag-europe","13":"tag-faits-divers","14":"tag-fr","15":"tag-france","16":"tag-grand-est","17":"tag-lorraine","18":"tag-meurthe-et-moselle","19":"tag-nancy","20":"tag-news","21":"tag-republique-francaise","22":"tag-rodeo-urbain"},"share_on_mastodon":{"url":"https:\/\/pubeurope.com\/@fr\/114543730588178736","error":""},"_links":{"self":[{"href":"https:\/\/www.europesays.com\/fr\/wp-json\/wp\/v2\/posts\/115891","targetHints":{"allow":["GET"]}}],"collection":[{"href":"https:\/\/www.europesays.com\/fr\/wp-json\/wp\/v2\/posts"}],"about":[{"href":"https:\/\/www.europesays.com\/fr\/wp-json\/wp\/v2\/types\/post"}],"author":[{"embeddable":true,"href":"https:\/\/www.europesays.com\/fr\/wp-json\/wp\/v2\/users\/2"}],"replies":[{"embeddable":true,"href":"https:\/\/www.europesays.com\/fr\/wp-json\/wp\/v2\/comments?post=115891"}],"version-history":[{"count":0,"href":"https:\/\/www.europesays.com\/fr\/wp-json\/wp\/v2\/posts\/115891\/revisions"}],"wp:featuredmedia":[{"embeddable":true,"href":"https:\/\/www.europesays.com\/fr\/wp-json\/wp\/v2\/media\/115892"}],"wp:attachment":[{"href":"https:\/\/www.europesays.com\/fr\/wp-json\/wp\/v2\/media?parent=115891"}],"wp:term":[{"taxonomy":"category","embeddable":true,"href":"https:\/\/www.europesays.com\/fr\/wp-json\/wp\/v2\/categories?post=115891"},{"taxonomy":"post_tag","embeddable":true,"href":"https:\/\/www.europesays.com\/fr\/wp-json\/wp\/v2\/tags?post=115891"}],"curies":[{"name":"wp","href":"https:\/\/api.w.org\/{rel}","templated":true}]}}