{"id":1158912,"date":"2026-08-31T09:36:16","date_gmt":"2026-08-31T09:36:16","guid":{"rendered":"https:\/\/www.europesays.com\/fr\/1158912\/"},"modified":"2026-08-31T09:36:16","modified_gmt":"2026-08-31T09:36:16","slug":"les-funerailles-de-tymeo-ont-eu-lieu-ce-lundi","status":"publish","type":"post","link":"https:\/\/www.europesays.com\/fr\/1158912\/","title":{"rendered":"Les fun\u00e9railles de Tym\u00e9o ont eu lieu ce lundi"},"content":{"rendered":"<p>Ce lundi 31 ao\u00fbt, la famille de Tym\u00e9o \u00e9tait \u00e0 Yvoir pour ses fun\u00e9railles. Le petit gar\u00e7on de 5 ans \u00e9tait port\u00e9 disparu depuis le 27 juin dernier. Le corps de l\u2019enfant a \u00e9t\u00e9 retrouv\u00e9 \u00e0 Onhaye, sur le bord de la nationale. Son p\u00e8re a \u00e9t\u00e9 retrouv\u00e9 \u00e0 c\u00f4t\u00e9, le jour suivant. Apr\u00e8s les autopsies et les premi\u00e8res analyses, les corps ont rapidement pu \u00eatre restitu\u00e9s \u00e0 la famille.<\/p>\n<p>Les fun\u00e9railles de Tym\u00e9o ont eu lieu ce lundi matin \u00e0 9h45. Un cort\u00e8ge a suivi le corbillard devant la petite \u00e9glise Saint-Eloi d\u2019Yvoir. La police \u00e9tait pr\u00e9sente pour assurer un cordon et permettre \u00e0 la famille de se retrouver. Le petit gar\u00e7on sera enterr\u00e9 dans le caveau familial du c\u00f4t\u00e9 de sa m\u00e8re. Son p\u00e8re, Bryan Brigou, sera inhum\u00e9 mardi, \u00e0 Dinant.<\/p>\n<p>Pour le moment, les circonstances de la mort du p\u00e8re et du fils sont encore inconnues. L\u2019enqu\u00eate se poursuit pour en savoir plus sur ce qu\u2019il s\u2019est pass\u00e9.<\/p>\n<p>  &#13;<br \/>\n&#13;<br \/>\n  &lt;!?php if ( SF_DOMAIN == &lsquo;citynews-bruxellestoday&rsquo; || SF_DOMAIN == &lsquo;citynews-cagliaritoday&rsquo; || SF_DOMAIN == &lsquo;citynews-sassaritoday&rsquo; || SF_DOMAIN == &lsquo;citynews-tarantotoday&rsquo; || SF_DOMAIN == &lsquo;citynews-viterbotoday&rsquo; || SF_DOMAIN == &lsquo;citynews-ferraratoday&rsquo; ): ?&gt;&#13;<br \/>\n    &#13;<br \/>\n  &lt;!?php endif; ?&gt;&#13;<br \/>\n  &#13;<br \/>\n&#13;<br \/>\n        &#13;<br \/>\n        &#13;<\/p>\n","protected":false},"excerpt":{"rendered":"Ce lundi 31 ao\u00fbt, la famille de Tym\u00e9o \u00e9tait \u00e0 Yvoir pour ses fun\u00e9railles. Le petit gar\u00e7on de&hellip;\n","protected":false},"author":2,"featured_media":1158913,"comment_status":"","ping_status":"","sticky":false,"template":"","format":"standard","meta":{"footnotes":"","_share_on_mastodon":"0"},"categories":[1586],"tags":[11,2715,1067,1777,674,1779,1011,27,15101,12,25,1778,364],"class_list":["post-1158912","post","type-post","status-publish","format-standard","has-post-thumbnail","category-europe","tag-actualites","tag-disparition","tag-enquete","tag-eu","tag-europe","tag-european-union","tag-fr","tag-france","tag-funerailles","tag-news","tag-republique-francaise","tag-ue","tag-union-europeenne"],"share_on_mastodon":{"url":"https:\/\/pubeurope.com\/@fr\/117189449448064769","error":""},"_links":{"self":[{"href":"https:\/\/www.europesays.com\/fr\/wp-json\/wp\/v2\/posts\/1158912","targetHints":{"allow":["GET"]}}],"collection":[{"href":"https:\/\/www.europesays.com\/fr\/wp-json\/wp\/v2\/posts"}],"about":[{"href":"https:\/\/www.europesays.com\/fr\/wp-json\/wp\/v2\/types\/post"}],"author":[{"embeddable":true,"href":"https:\/\/www.europesays.com\/fr\/wp-json\/wp\/v2\/users\/2"}],"replies":[{"embeddable":true,"href":"https:\/\/www.europesays.com\/fr\/wp-json\/wp\/v2\/comments?post=1158912"}],"version-history":[{"count":0,"href":"https:\/\/www.europesays.com\/fr\/wp-json\/wp\/v2\/posts\/1158912\/revisions"}],"wp:featuredmedia":[{"embeddable":true,"href":"https:\/\/www.europesays.com\/fr\/wp-json\/wp\/v2\/media\/1158913"}],"wp:attachment":[{"href":"https:\/\/www.europesays.com\/fr\/wp-json\/wp\/v2\/media?parent=1158912"}],"wp:term":[{"taxonomy":"category","embeddable":true,"href":"https:\/\/www.europesays.com\/fr\/wp-json\/wp\/v2\/categories?post=1158912"},{"taxonomy":"post_tag","embeddable":true,"href":"https:\/\/www.europesays.com\/fr\/wp-json\/wp\/v2\/tags?post=1158912"}],"curies":[{"name":"wp","href":"https:\/\/api.w.org\/{rel}","templated":true}]}}