{"id":1158923,"date":"2026-08-31T09:47:20","date_gmt":"2026-08-31T09:47:20","guid":{"rendered":"https:\/\/www.europesays.com\/fr\/1158923\/"},"modified":"2026-08-31T09:47:20","modified_gmt":"2026-08-31T09:47:20","slug":"metz-lagenda-de-la-semaine-un-quartier-en-fete-une-course-cycliste-et-les-montgolfiades-au-programme","status":"publish","type":"post","link":"https:\/\/www.europesays.com\/fr\/1158923\/","title":{"rendered":"Metz. L\u2019agenda de la semaine\u00a0: un quartier en f\u00eate, une course cycliste et les Montgolfiades au programme"},"content":{"rendered":"<p>  Des dizaines de ballons dans le ciel<\/p>\n<p>Durant quatre jours, du jeudi\u00a03 au dimanche 6\u00a0septembre, une trentaine de montgolfi\u00e8res d\u00e9colleront du plan d\u2019eau de Metz pour la 43e \u00e9dition des Montgolfiades. Chaque soir, vers 19h, les ballons g\u00e9ants s\u2019envoleront vers les cieux. Le week-end, un deuxi\u00e8me d\u00e9collage aura lieu \u00e0 7h. Comme chaque ann\u00e9e, des milliers de spectateurs se pr\u00e9cipiteront vers le site messin pour admirer ces tissus se gonfler puis prendre de la hauteur. Mais attention, les conditions m\u00e9t\u00e9orologiques doivent \u00eatre id\u00e9ales pour que le spectacle se produise. En cas de pluie ou de vent sup\u00e9rieur \u00e0 10 n\u0153uds (soit 18\u00a0km\/h), les ballons devront rester au sol.<\/p>\n<p>  Derni\u00e8re semaine de Constellations<\/p>\n<p>Commenc\u00e9e fin juin, la dixi\u00e8me \u00e9dition du festival Constellations se termine samedi 5\u00a0septembre. Pour cette derni\u00e8re semaine la cath\u00e9drale s\u2019habillera, comme \u00e0 l\u2019accoutum\u00e9e, de six projections de 21\u00a0h\u00a030 \u00e0 0\u00a0h\u00a015. Les onze \u0153uvres de la programmation de nuit seront encore \u00e0 d\u00e9couvrir ou red\u00e9couvrir durant ces prochains jours.<\/p>\n<p>  Le quartier de Bellecroix en f\u00eate<\/p>\n<p>Samedi 5\u00a0septembre, le quartier de Bellecroix sera anim\u00e9. Diff\u00e9rents stands, jeux gonflables et spectacles auront lieu pour c\u00e9l\u00e9brer la f\u00eate du quartier. Organis\u00e9 par Kairos et Intemporelle, cet \u00e9v\u00e9nement accueille diff\u00e9rents artistes dont Indiyane Indira, DJ Farid Ra\u00ef ou encore Samir Sghir.<\/p>\n<p>  La ville se met \u00e0 l\u2019eau<\/p>\n<p>Une semaine apr\u00e8s la parade nautique des F\u00eates de la Mirabelle, la ville de Metz se remet \u00e0 l\u2019eau. Samedi\u00a05 et dimanche 6\u00a0septembre, la F\u00eate de l\u2019eau se d\u00e9roulera quai des R\u00e9gates et quai des Roches. Au programme, d\u00e9couverte et initiation \u00e0 la pratique de l\u2019aviron, parade nautique lumineuse avec d\u00e9fil\u00e9 de bateaux ou encore diff\u00e9rents jeux organis\u00e9s pour les enfants. Des balades en kayak, paddle ou dragon boats ainsi que des descentes en raft sont \u00e9galement pr\u00e9vues au bassin de la Pucelle.<\/p>\n<p>  Une premi\u00e8re \u00e9dition d\u2019une cyclo messine<\/p>\n<p>Un \u00e9v\u00e9nement qui ravira les cyclistes\u00a0! Organis\u00e9e par V\u00e9lo Sport Metz M\u00e9tropole (VS2M), la premi\u00e8re \u00e9dition de l\u2019\u00e9tape du Graoully &#8211; La cyclo messine aura lieu dimanche 6\u00a0septembre. D\u00e9part et arriv\u00e9e aux Ar\u00e8nes de Metz. Deux parcours sont propos\u00e9s\u00a0: 70 kilom\u00e8tres (entre 600 et 700 m\u00e8tres de d\u00e9nivel\u00e9 positif) et 130 kilom\u00e8tres (environ 1\u00a0600 m\u00e8tres de d\u00e9nivel\u00e9 positif), o\u00f9 une barri\u00e8re horaire demande une vitesse moyenne minimale de 20\u00a0km\/h. La c\u00f4te de la croix Saint-Cl\u00e9ment ou celle de Saulny seront \u00e0 avaler pour les sportifs. Il ne faudra donc pas tra\u00eener sur ces routes pour esp\u00e9rer voir son nom au classement final. Pour cette premi\u00e8re, l\u2019\u00e9preuve est limit\u00e9e \u00e0 400 coureurs.<\/p>\n","protected":false},"excerpt":{"rendered":"Des dizaines de ballons dans le ciel Durant quatre jours, du jeudi\u00a03 au dimanche 6\u00a0septembre, une trentaine de&hellip;\n","protected":false},"author":2,"featured_media":1158924,"comment_status":"","ping_status":"","sticky":false,"template":"","format":"standard","meta":{"footnotes":"","_share_on_mastodon":"0"},"categories":[1411],"tags":[1687,1154,207,5598,3326,1011,27,6212,6213,873,2661,4043,953,3140,60],"class_list":["post-1158923","post","type-post","status-publish","format-standard","has-post-thumbnail","category-cyclisme","tag-culture-loisirs","tag-cycling","tag-cyclisme","tag-edition-metz-et-agglomeration","tag-fete-locale","tag-fr","tag-france","tag-metz","tag-metz-ville-57b","tag-musique","tag-patrimoine-culturel","tag-repas-et-the-dansant","tag-soiree","tag-spectacle","tag-sports"],"share_on_mastodon":{"url":"https:\/\/pubeurope.com\/@fr\/117189492425962285","error":""},"_links":{"self":[{"href":"https:\/\/www.europesays.com\/fr\/wp-json\/wp\/v2\/posts\/1158923","targetHints":{"allow":["GET"]}}],"collection":[{"href":"https:\/\/www.europesays.com\/fr\/wp-json\/wp\/v2\/posts"}],"about":[{"href":"https:\/\/www.europesays.com\/fr\/wp-json\/wp\/v2\/types\/post"}],"author":[{"embeddable":true,"href":"https:\/\/www.europesays.com\/fr\/wp-json\/wp\/v2\/users\/2"}],"replies":[{"embeddable":true,"href":"https:\/\/www.europesays.com\/fr\/wp-json\/wp\/v2\/comments?post=1158923"}],"version-history":[{"count":0,"href":"https:\/\/www.europesays.com\/fr\/wp-json\/wp\/v2\/posts\/1158923\/revisions"}],"wp:featuredmedia":[{"embeddable":true,"href":"https:\/\/www.europesays.com\/fr\/wp-json\/wp\/v2\/media\/1158924"}],"wp:attachment":[{"href":"https:\/\/www.europesays.com\/fr\/wp-json\/wp\/v2\/media?parent=1158923"}],"wp:term":[{"taxonomy":"category","embeddable":true,"href":"https:\/\/www.europesays.com\/fr\/wp-json\/wp\/v2\/categories?post=1158923"},{"taxonomy":"post_tag","embeddable":true,"href":"https:\/\/www.europesays.com\/fr\/wp-json\/wp\/v2\/tags?post=1158923"}],"curies":[{"name":"wp","href":"https:\/\/api.w.org\/{rel}","templated":true}]}}