{"id":1158929,"date":"2026-08-31T09:50:30","date_gmt":"2026-08-31T09:50:30","guid":{"rendered":"https:\/\/www.europesays.com\/fr\/1158929\/"},"modified":"2026-08-31T09:50:30","modified_gmt":"2026-08-31T09:50:30","slug":"meike-fait-voter-sa-communaute-zooms-f-28-et-focales-f-12-dans-une-bucket-list-pas-encore-dans-les-cartons","status":"publish","type":"post","link":"https:\/\/www.europesays.com\/fr\/1158929\/","title":{"rendered":"Meike fait voter sa communaut\u00e9 : zooms f\/2,8 et focales f\/1,2 dans une \u00ab bucket list \u00bb, pas encore dans les cartons"},"content":{"rendered":"<p>Un 24-70 mm f\/2,8, des focales f\/1,2, du moyen format GFX\u2026 Depuis quelques jours, les sites de rumeurs pr\u00e9sentent ces optiques comme la <strong>prochaine feuille de route de Meike<\/strong>. En r\u00e9alit\u00e9, le fabricant chinois a simplement <strong>publi\u00e9 un sondage<\/strong> : huit objectifs candidats, un vote, et une seule promesse, celle d\u2019\u00e9tudier la plus demand\u00e9e.<\/p>\n<p>Un sondage, pas une roadmap<\/p>\n<p>Le visuel diffus\u00e9 par <a href=\"https:\/\/www.awin1.com\/cread.php?awinmid=37726&amp;awinaffid=282185&amp;ued=https%3A%2F%2Fmeikeglobal.com%2Fen-fr\" rel=\"nofollow noopener\" target=\"_blank\">Meike<\/a> sur ses r\u00e9seaux chinois est explicite. Intitul\u00e9 \u00ab Bucket list (camera wish list) \u00bb, il invite les photographes \u00e0 <strong>voter pour l\u2019optique qu\u2019ils souhaitent le plus voir arriver<\/strong>, et pr\u00e9cise que la r\u00e9f\u00e9rence la plus populaire \u00ab sera \u00e9tudi\u00e9e en priorit\u00e9 \u00bb. Aucun calendrier, <strong>aucun engagement de production<\/strong>, aucune monture : il s\u2019agit d\u2019une consultation, pas d\u2019une annonce.<\/p>\n<p><a href=\"https:\/\/www.awin1.com\/cread.php?awinmid=37726&amp;awinaffid=282185&amp;ued=https%3A%2F%2Fmeikeglobal.com%2Fen-fr\" rel=\"nofollow noopener\" target=\"_blank\"><img decoding=\"async\" width=\"1400\" height=\"1205\" loading=\"lazy\" src=\"https:\/\/www.europesays.com\/fr\/wp-content\/uploads\/2026\/08\/meike-bucket-list-objectifs.jpg\" alt=\"\" class=\"wp-image-281504\"  \/><\/a><\/p>\n<p>Les huit optiques soumises au vote sont les suivantes :<\/p>\n<ul class=\"wp-block-list\">\n<li><strong>Meike AF 24-70 mm f\/2,8<\/strong><\/li>\n<li><strong>Meike AF 65 mm f\/1,4 GFX<\/strong><\/li>\n<li><strong>Meike AF 110 mm f\/1,8 GFX<\/strong><\/li>\n<li><strong>Meike AF 50 mm f\/1,2 (VCM)<\/strong><\/li>\n<li><strong>Meike AF 70-180 mm f\/2,8<\/strong><\/li>\n<li><strong>Meike AF 35 mm f\/1,4<\/strong><\/li>\n<li><strong>Meike AF 100 mm f\/2,8 Macro<\/strong><\/li>\n<li><strong>Meike AF 85 mm f\/1,2 (VCM)<\/strong><\/li>\n<\/ul>\n<p>Reprise par plusieurs sites anglophones comme une \u00ab feuille de route \u00bb ou un \u00ab plan de d\u00e9veloppement \u00bb, cette liste a rapidement \u00e9t\u00e9 pr\u00e9sent\u00e9e comme un engagement ferme de la marque, montures Sony E, Nikon Z et L \u00e0 l\u2019appui. <strong>Rien de tout cela ne figure sur le document original<\/strong>.<\/p>\n<p>Meike : encore un constructeur chinois aux ambitions d\u00e9bordantes ?<\/p>\n<p>Si le vote n\u2019engage \u00e0 rien, le choix des objectifs dans la liste n\u2019est pas anodin. Jusqu\u2019ici, le <a href=\"https:\/\/phototrend.fr\/2025\/11\/meike-se-85-mm-f-18-mark-ii\/\" rel=\"nofollow noopener\" target=\"_blank\">catalogue autofocus<\/a> de Meike se compose exclusivement de <strong><a href=\"https:\/\/phototrend.fr\/2023\/04\/meike-af-85-mm-f-14-stm-objectif-autofocus-monture-canon-rf\/\" rel=\"nofollow noopener\" target=\"_blank\">focales fixes<\/a><\/strong>, r\u00e9parties entre les gammes SE (entr\u00e9e de gamme), <a href=\"https:\/\/phototrend.fr\/2025\/07\/meike-35-mm-f-18-pro-af\/\" rel=\"nofollow noopener\" target=\"_blank\">Pro<\/a> et <a href=\"https:\/\/phototrend.fr\/2025\/08\/meike-24-mm-f-14-mix\/\" rel=\"nofollow noopener\" target=\"_blank\">Mix<\/a>.<\/p>\n<p>La liste propos\u00e9e au vote regroupe en effet deux <strong>zooms plein format<\/strong> \u00e0 ouverture constante f\/2,8, deux focales f\/1,2 avec motorisation VCM (\u00e0 bobine mobile, <strong>g\u00e9n\u00e9ralement r\u00e9serv\u00e9e aux optiques haut de gamme pour d\u00e9placer des groupes optiques lourds) et deux optiques pour le moyen format Fujifilm GFX<\/strong>, dont l\u2019existence circulait d\u00e9j\u00e0 sous forme de rumeurs (source : Photo Rumors). Autrement dit, Meike sonde l\u2019app\u00e9tit de sa communaut\u00e9 pour une <strong>mont\u00e9e en gamme<\/strong>, avant de s\u2019y engager.<\/p>\n<p>Un march\u00e9 d\u00e9j\u00e0 en mouvement<\/p>\n<p>Cette prudence se comprend au regard de la concurrence. Le zoom \u00e0 ouverture constante f\/2,8, longtemps chasse gard\u00e9e des fabricants historiques et de Tamron ou Sigma, attire d\u00e9sormais les opticiens chinois : Thypoch a ouvert la voie avec son <a href=\"https:\/\/phototrend.fr\/2026\/06\/test-thypoch-af-voyager-24-50-mm-f-28\/\" rel=\"nofollow noopener\" target=\"_blank\"><strong>Voyager 24-50 mm f\/2,8<\/strong><\/a>, et d\u2019autres acteurs comme Viltrox ou TTArtisan travailleraient sur des projets similaires.<\/p>\n<p>Voir aussi<\/p>\n<p><a href=\"https:\/\/phototrend.fr\/2026\/08\/panasonic-refresh-objectifs\/\" class=\"mask-img\" title=\"Panasonic Refresh Optiques Septembre 2026 C\" rel=\"nofollow noopener\" target=\"_blank\"><img decoding=\"async\" width=\"100\" height=\"100\" src=\"https:\/\/www.europesays.com\/fr\/wp-content\/uploads\/2026\/08\/panasonic-refresh-optiques-septembre-2026-c-100x100.jpg\" class=\"attachment-thumbnail size-thumbnail zeen-lazy-load-base zeen-lazy-load  wp-post-image\" alt=\"\"   loading=\"lazy\"\/><\/a><\/p>\n<p>Sur le terrain des focales f\/1,2, SongRaw propose d\u00e9j\u00e0 un <a href=\"https:\/\/phototrend.fr\/2026\/04\/test-songraw-af-50-mm-f-12-moonlit\/\" rel=\"nofollow noopener\" target=\"_blank\">50 mm f\/1,2 AF<\/a> \u00e0 <a href=\"https:\/\/www.digixo.com\/optique-photo\/songraw\/p406560-songraw-moonlit-af-50mm-f12-sony-e-a1b.html?affiliateID=1035\" rel=\"nofollow noopener\" target=\"_blank\">999 \u20ac<\/a> et un <a href=\"https:\/\/phototrend.fr\/2026\/03\/cp-plus-2026-songraw-af-85-mm-f-12-et-50-mm-f-12-v2\/\" rel=\"nofollow noopener\" target=\"_blank\">85 mm f\/1,2 AF<\/a> \u00e0 venir en montures Sony E et Nikon Z. Pour Meike, dont la r\u00e9putation s\u2019est construite sur des <strong><a href=\"https:\/\/phototrend.fr\/2024\/07\/meike-50-mm-f-18-af\/\" rel=\"nofollow noopener\" target=\"_blank\">tarifs tr\u00e8s contenus<\/a><\/strong>, s\u2019aligner sur ce segment supposerait de <strong>conjuguer prix agressif et qualit\u00e9 optique au niveau<\/strong>, un exercice plus exigeant que sur l\u2019entr\u00e9e de gamme.<\/p>\n<p>Reste donc \u00e0 voir quelle optique remportera les suffrages, et surtout si Meike transformera l\u2019essai. \u00c0 ce stade, la seule certitude est que la marque \u00e9coute son public. Le reste est encore tr\u00e8s hypoth\u00e9tique, contrairement \u00e0 ce qu\u2019annon\u00e7aient les sites de rumeurs qui, a priori, n\u2019ont pas pris le temps de bien d\u00e9chiffrer le visuel partag\u00e9.<\/p>\n<p><strong>Et vous, si vous pouviez participer, pour quel objectif voteriez-vous ?<\/strong><\/p>\n","protected":false},"excerpt":{"rendered":"Un 24-70 mm f\/2,8, des focales f\/1,2, du moyen format GFX\u2026 Depuis quelques jours, les sites de rumeurs&hellip;\n","protected":false},"author":2,"featured_media":1158930,"comment_status":"","ping_status":"","sticky":false,"template":"","format":"standard","meta":{"footnotes":"","_share_on_mastodon":"0"},"categories":[1358],"tags":[1348,1384,1385,1386,58,59,11615,1011,27,119010,119011,119012,119013,119014,119015,119016,119017,119018,22569,13947],"class_list":["post-1158929","post","type-post","status-publish","format-standard","has-post-thumbnail","category-arts-et-design","tag-arts","tag-arts-and-design","tag-arts-et-design","tag-design","tag-divertissement","tag-entertainment","tag-featured","tag-fr","tag-france","tag-meike","tag-meike-af-100-mm-f-2-8-macro","tag-meike-af-110-mm-f-1-8","tag-meike-af-24-70-mm-f-2-8","tag-meike-af-35-mm-f-1-4","tag-meike-af-50-mm-f-1-2","tag-meike-af-65-mm-f-1-4","tag-meike-af-70-180-mm-f-2-8","tag-meike-af-85-mm-f-1-2","tag-objectif","tag-sondage"],"share_on_mastodon":{"url":"https:\/\/pubeurope.com\/@fr\/117189506344233271","error":""},"_links":{"self":[{"href":"https:\/\/www.europesays.com\/fr\/wp-json\/wp\/v2\/posts\/1158929","targetHints":{"allow":["GET"]}}],"collection":[{"href":"https:\/\/www.europesays.com\/fr\/wp-json\/wp\/v2\/posts"}],"about":[{"href":"https:\/\/www.europesays.com\/fr\/wp-json\/wp\/v2\/types\/post"}],"author":[{"embeddable":true,"href":"https:\/\/www.europesays.com\/fr\/wp-json\/wp\/v2\/users\/2"}],"replies":[{"embeddable":true,"href":"https:\/\/www.europesays.com\/fr\/wp-json\/wp\/v2\/comments?post=1158929"}],"version-history":[{"count":0,"href":"https:\/\/www.europesays.com\/fr\/wp-json\/wp\/v2\/posts\/1158929\/revisions"}],"wp:featuredmedia":[{"embeddable":true,"href":"https:\/\/www.europesays.com\/fr\/wp-json\/wp\/v2\/media\/1158930"}],"wp:attachment":[{"href":"https:\/\/www.europesays.com\/fr\/wp-json\/wp\/v2\/media?parent=1158929"}],"wp:term":[{"taxonomy":"category","embeddable":true,"href":"https:\/\/www.europesays.com\/fr\/wp-json\/wp\/v2\/categories?post=1158929"},{"taxonomy":"post_tag","embeddable":true,"href":"https:\/\/www.europesays.com\/fr\/wp-json\/wp\/v2\/tags?post=1158929"}],"curies":[{"name":"wp","href":"https:\/\/api.w.org\/{rel}","templated":true}]}}