{"id":115893,"date":"2025-05-21T03:36:17","date_gmt":"2025-05-21T03:36:17","guid":{"rendered":"https:\/\/www.europesays.com\/fr\/115893\/"},"modified":"2025-05-21T03:36:17","modified_gmt":"2025-05-21T03:36:17","slug":"tour-dhorizon-de-ceux-qui-animeront-la-fete-de-la-marseillaise-samedi-a-toulon-2","status":"publish","type":"post","link":"https:\/\/www.europesays.com\/fr\/115893\/","title":{"rendered":"Tour d\u2019horizon de ceux qui animeront la F\u00eate de La Marseillaise samedi \u00e0 Toulon"},"content":{"rendered":"\n<p>Pour la 2e\u00a0ann\u00e9e cons\u00e9cutive apr\u00e8s une d\u00e9cennie de rel\u00e2che, la F\u00eate de La\u00a0Marseillaise revient dans le Var. Une \u00e9dition qui va se d\u00e9rouler samedi 24\u00a0mai, de 10h \u00e0 23h sur le parking des plages du Mourillon \u00e0 Toulon.<\/p>\n<p>Un moment de partage et de convivialit\u00e9 gratuit et ouvert \u00e0 tous qui fera encore toute sa place au d\u00e9bat et \u00e0 la r\u00e9flexion avec de nombreux invit\u00e9s.<\/p>\n<p>Outre les traditionnelles animations pour les grands, les petits et les jeunes, les visiteurs pourront s\u2019arr\u00eater sur les stands des mouvements, syndicats, partis politiques et associations pour \u00e9changer sur la paix et la coop\u00e9ration dans le monde.<\/p>\n<p>Sur la sc\u00e8ne d\u00e8s 10h20, le professeur oncologue de l\u2019IPC de Marseille Anthony Gon\u00e7alves apportera son expertise sur la sant\u00e9 et notre syst\u00e8me de S\u00e9curit\u00e9 sociale, avec au programme \u00ab\u00a0La S\u00e9curit\u00e9 sociale, 80 ans et toujours moderne !\u00a0\u00bb<\/p>\n<p>\u00c0 16h30 ensuite, place \u00e0 l\u2019agora anim\u00e9e par L\u00e9o Purguette, pr\u00e9sident de La\u00a0Marseillaise avec Ian Brossat, s\u00e9nateur communiste de Paris. De quoi \u00e9changer sur les enjeux d\u2019actualit\u00e9.<\/p>\n<p>Pour ce qui est de la musique, on peut noter de 12h30 \u00e0 14h le concert des Fralibos, suivi de Sirrol (rap) \u00e0 19h30 et Bayamo (musique cubaine).<\/p>\n<p>Sans compter les animations et d\u00e9ambulations du groupe de danses proven\u00e7ales la Farigouleto de 11h30 \u00e0 12h30, et des clowns A\u2019typic\u2019s&#8230; tout au long de la journ\u00e9e.<\/p>\n","protected":false},"excerpt":{"rendered":"Pour la 2e\u00a0ann\u00e9e cons\u00e9cutive apr\u00e8s une d\u00e9cennie de rel\u00e2che, la F\u00eate de La\u00a0Marseillaise revient dans le Var. Une&hellip;\n","protected":false},"author":2,"featured_media":114044,"comment_status":"","ping_status":"","sticky":false,"template":"","format":"standard","meta":{"footnotes":""},"categories":[9619],"tags":[1111,11,1777,674,23399,1011,27,12,882,25,2310],"class_list":{"0":"post-115893","1":"post","2":"type-post","3":"status-publish","4":"format-standard","5":"has-post-thumbnail","7":"category-toulon","8":"tag-actu","9":"tag-actualites","10":"tag-eu","11":"tag-europe","12":"tag-fete-de-la-marseillaise","13":"tag-fr","14":"tag-france","15":"tag-news","16":"tag-provence-alpes-cote-dazur","17":"tag-republique-francaise","18":"tag-toulon"},"share_on_mastodon":{"url":"https:\/\/pubeurope.com\/@fr\/114543734495960346","error":""},"_links":{"self":[{"href":"https:\/\/www.europesays.com\/fr\/wp-json\/wp\/v2\/posts\/115893","targetHints":{"allow":["GET"]}}],"collection":[{"href":"https:\/\/www.europesays.com\/fr\/wp-json\/wp\/v2\/posts"}],"about":[{"href":"https:\/\/www.europesays.com\/fr\/wp-json\/wp\/v2\/types\/post"}],"author":[{"embeddable":true,"href":"https:\/\/www.europesays.com\/fr\/wp-json\/wp\/v2\/users\/2"}],"replies":[{"embeddable":true,"href":"https:\/\/www.europesays.com\/fr\/wp-json\/wp\/v2\/comments?post=115893"}],"version-history":[{"count":0,"href":"https:\/\/www.europesays.com\/fr\/wp-json\/wp\/v2\/posts\/115893\/revisions"}],"wp:featuredmedia":[{"embeddable":true,"href":"https:\/\/www.europesays.com\/fr\/wp-json\/wp\/v2\/media\/114044"}],"wp:attachment":[{"href":"https:\/\/www.europesays.com\/fr\/wp-json\/wp\/v2\/media?parent=115893"}],"wp:term":[{"taxonomy":"category","embeddable":true,"href":"https:\/\/www.europesays.com\/fr\/wp-json\/wp\/v2\/categories?post=115893"},{"taxonomy":"post_tag","embeddable":true,"href":"https:\/\/www.europesays.com\/fr\/wp-json\/wp\/v2\/tags?post=115893"}],"curies":[{"name":"wp","href":"https:\/\/api.w.org\/{rel}","templated":true}]}}