{"id":1158931,"date":"2026-08-31T09:52:18","date_gmt":"2026-08-31T09:52:18","guid":{"rendered":"https:\/\/www.europesays.com\/fr\/1158931\/"},"modified":"2026-08-31T09:52:18","modified_gmt":"2026-08-31T09:52:18","slug":"une-serie-tournee-en-auvergne-rhone-alpes-diffusee-ce-lundi-sur-france-2","status":"publish","type":"post","link":"https:\/\/www.europesays.com\/fr\/1158931\/","title":{"rendered":"Une s\u00e9rie tourn\u00e9e en Auvergne-Rh\u00f4ne-Alpes diffus\u00e9e ce lundi sur France 2"},"content":{"rendered":"<p>                            <img loading=\"lazy\" width=\"1026\" height=\"640\" class=\"attachment-article size-article wp-post-image lazyload\" alt=\"\" decoding=\"async\" src=\"https:\/\/www.europesays.com\/fr\/wp-content\/uploads\/2026\/08\/LE-ROUGE-ET-LE-NOIR-site-02-e1788162295361.jpg\" data-eio-rwidth=\"1026\" data-eio-rheight=\"640\"\/><\/p>\n<p>Le Rouge et le Noir d\u00e9barque sur France 2 ce lundi. @Si\u00e8cle Productions<\/p>\n<p class=\"content\" style=\"font-size:1.2em;font-weight:700\">Adapt\u00e9 du c\u00e9l\u00e8bre roman de Stendhal, Le Rouge et le Noir arrive ce lundi 31 ao\u00fbt sur France 2. Cette nouvelle s\u00e9rie a \u00e9t\u00e9 tourn\u00e9e en Savoie et en Haute-Savoie.<\/p>\n<p class=\"wp-block-paragraph\">Ce lundi 31 ao\u00fbt, les adeptes de Stendhal pourront zapper sur France 2. En effet, Le Rouge et le Noir, c\u00e9l\u00e8bre roman de l\u2019auteur, a \u00e9t\u00e9 adapt\u00e9 en une s\u00e9rie de quatre \u00e9pisodes \u00e0 la t\u00e9l\u00e9vision. L\u2019histoire se d\u00e9roule en 1828. La France se pr\u00e9pare \u00e0 une nouvelle r\u00e9volution face \u00e0 la monarchie. Dans ce contexte, Julien Sorel, fils d\u2019un modeste charpentier, est pr\u00eat \u00e0 tout pour gravir les \u00e9chelons de la soci\u00e9t\u00e9.<\/p>\n<p>Des d\u00e9cors tourn\u00e9s en Savoie et en Haute-Savoie<\/p>\n<p class=\"wp-block-paragraph\">La r\u00e9gion Auvergne-Rh\u00f4ne-Alpes a servi de d\u00e9cor \u00e0 une partie du tournage de cette nouvelle adaptation. Les \u00e9quipes ont notamment pos\u00e9 leurs cam\u00e9ras au ch\u00e2teau de Ch\u00e2tillon, \u00e0 Chindrieux, en Savoie, ainsi qu\u2019\u00e0 La Clusaz et au Grand-Bornand, en Haute-Savoie, en octobre dernier.<\/p>\n<p class=\"wp-block-paragraph\">Une production rendue possible avec le soutien de la R\u00e9gion Auvergne-Rh\u00f4ne-Alpes, en partenariat avec le CNC, et en coproduction avec Auvergne-Rh\u00f4ne-Alpes Cin\u00e9ma. Derri\u00e8re la cam\u00e9ra, le r\u00e9alisateur Ga\u00ebl Morel dirige un casting emmen\u00e9 par Victor Belmondo, dans le r\u00f4le de Julien Sorel, aux c\u00f4t\u00e9s de Virginie Ledoyen, Camille Razat, Patrick Timsit, Patrick Mille, Romane Bohringer, Th\u00e9o Cholbi, Zo\u00e9 Adjani et Fred Testot.<\/p>\n<p class=\"wp-block-paragraph\">La s\u00e9rie, compos\u00e9e de quatre \u00e9pisodes de 52 minutes, a \u00e9t\u00e9 pr\u00e9sent\u00e9e en avant-premi\u00e8re au festival Cannes\u00e9ries. Apr\u00e8s une mise en ligne sur la plateforme en ligne de France T\u00e9l\u00e9visions le 21 ao\u00fbt, les t\u00e9l\u00e9spectateurs pourront d\u00e9couvrir les deux premiers \u00e9pisodes ce lundi 31 ao\u00fbt \u00e0 21h10 sur France 2. Les \u00e9pisodes 3 et 4 seront diffus\u00e9s le lundi 7 septembre, \u00e0 la m\u00eame heure.<\/p>\n<p class=\"wp-block-paragraph\"><strong>Lire aussi :<\/strong> <a href=\"https:\/\/www.lyoncapitale.fr\/actualite\/le-festival-nos-puissantes-amities-de-retour-a-la-croix-rousse\" target=\"_blank\" rel=\"noreferrer noopener nofollow\">Le festival \u00ab Nos Puissantes Amiti\u00e9s \u00bb de retour \u00e0 la Croix-Rousse<\/a><\/p>\n","protected":false},"excerpt":{"rendered":"Le Rouge et le Noir d\u00e9barque sur France 2 ce lundi. @Si\u00e8cle Productions Adapt\u00e9 du c\u00e9l\u00e8bre roman de&hellip;\n","protected":false},"author":2,"featured_media":1158932,"comment_status":"","ping_status":"","sticky":false,"template":"","format":"standard","meta":{"footnotes":"","_share_on_mastodon":"0"},"categories":[1356],"tags":[58,59,1011,27,252,1364],"class_list":["post-1158931","post","type-post","status-publish","format-standard","has-post-thumbnail","category-television","tag-divertissement","tag-entertainment","tag-fr","tag-france","tag-television","tag-tv"],"share_on_mastodon":{"url":"https:\/\/pubeurope.com\/@fr\/117189514350489958","error":""},"_links":{"self":[{"href":"https:\/\/www.europesays.com\/fr\/wp-json\/wp\/v2\/posts\/1158931","targetHints":{"allow":["GET"]}}],"collection":[{"href":"https:\/\/www.europesays.com\/fr\/wp-json\/wp\/v2\/posts"}],"about":[{"href":"https:\/\/www.europesays.com\/fr\/wp-json\/wp\/v2\/types\/post"}],"author":[{"embeddable":true,"href":"https:\/\/www.europesays.com\/fr\/wp-json\/wp\/v2\/users\/2"}],"replies":[{"embeddable":true,"href":"https:\/\/www.europesays.com\/fr\/wp-json\/wp\/v2\/comments?post=1158931"}],"version-history":[{"count":0,"href":"https:\/\/www.europesays.com\/fr\/wp-json\/wp\/v2\/posts\/1158931\/revisions"}],"wp:featuredmedia":[{"embeddable":true,"href":"https:\/\/www.europesays.com\/fr\/wp-json\/wp\/v2\/media\/1158932"}],"wp:attachment":[{"href":"https:\/\/www.europesays.com\/fr\/wp-json\/wp\/v2\/media?parent=1158931"}],"wp:term":[{"taxonomy":"category","embeddable":true,"href":"https:\/\/www.europesays.com\/fr\/wp-json\/wp\/v2\/categories?post=1158931"},{"taxonomy":"post_tag","embeddable":true,"href":"https:\/\/www.europesays.com\/fr\/wp-json\/wp\/v2\/tags?post=1158931"}],"curies":[{"name":"wp","href":"https:\/\/api.w.org\/{rel}","templated":true}]}}