{"id":1158947,"date":"2026-08-31T10:02:14","date_gmt":"2026-08-31T10:02:14","guid":{"rendered":"https:\/\/www.europesays.com\/fr\/1158947\/"},"modified":"2026-08-31T10:02:14","modified_gmt":"2026-08-31T10:02:14","slug":"cet-or-noir-coule-dans-nos-veines-il-est-a-nous-au-venezuela-laccord-historique-avec-trump-bouleverse-le-socle-de-leconomie-le-figaro","status":"publish","type":"post","link":"https:\/\/www.europesays.com\/fr\/1158947\/","title":{"rendered":"\u00ab Cet or noir coule dans nos veines, il est \u00e0 nous ! \u00bb : au Venezuela, \u00ab l\u2019accord historique \u00bb avec Trump bouleverse le socle de l\u2019\u00e9conomie &#8211; Le Figaro"},"content":{"rendered":"<ol>\n<li><a href=\"https:\/\/news.google.com\/rss\/articles\/CBMi-wFBVV95cUxOTTNJUTRXRDhkTW1JMkxocnI0WTR6U1JSeXRibTR3VUxTT2l4c2FPakJkQUd5M2d1T0ZfLVk3bmRhSFI2WTNHczFDMWh5cGhscklFX1hZV2pNanpEOWt6UEpfYkRJWE5CMGRNQ0pkdDRwRUhDaW96MFhXdDUzaDhRWWdkT2JJUzhYNDlJQTh1NXJrRS1WalFjS2tiNjBiRlJwMjlEYnIyeDVRTWZRZnR6MU1lZzdrQWVjQ0pPWUlMbER3RkkyemZWc1NxcVJsNjJNbzRYdVREMU52Z2wwUjBDSURHYmJhNzEwUVVpcDI5aDdWczhZRXMyUUJHRQ?oc=5\" target=\"_blank\" rel=\"nofollow noopener\">\u00ab Cet or noir coule dans nos veines, il est \u00e0 nous ! \u00bb : au Venezuela, \u00ab l\u2019accord historique \u00bb avec Trump bouleverse le socle de l\u2019\u00e9conomie<\/a>&nbsp;&nbsp;Le Figaro<\/li>\n<li><a href=\"https:\/\/news.google.com\/rss\/articles\/CBMirwFBVV95cUxPT095dllibDRHZUk0cXl0V2dfMGN3c2VYMHdhUEZMXy0wNVBSWmFTN3R6R0ZvSlhLYjB3QU9iNmpzeWg2ZHJuRXBfQWRLOEtWZ2FNUU1QOWYtckoxMTJaSklReHBPYVR6Q0RGX1U0bk51R2NxYWVpVDUzTlZ3TTNzd1MzbUZ5X0FMWm1wY3NoMEphNjZZSTJYODN6LVRxaXlfY3dodkd0ZWVlRkZzWkNr?oc=5\" target=\"_blank\" rel=\"nofollow noopener\">L&rsquo;accord p\u00e9trolier entre les Etats-Unis et le Venezuela n&rsquo;entra\u00eene pas de baisse du p\u00e9trole<\/a>&nbsp;&nbsp;journaldunet.com<\/li>\n<li><a href=\"https:\/\/news.google.com\/rss\/articles\/CBMihwFBVV95cUxQazQ1ZFZUWUhDdnRSU2VXekpvSUZUOThzYzBxbW1PREdTcTlHRk5lVW5KUTJZR2pzY01tMGRrQUNwSkFmQ3lPcTZfQTNfLU5RTXgyaXhMVWRWZHE1ZDdFLVdfWWlrNUd2cDJmaVA0aE1naUVmUDN5QVFob1J2WkpZbzB2aVhycG8?oc=5\" target=\"_blank\" rel=\"nofollow noopener\">La loi du plus fort<\/a>&nbsp;&nbsp;Les Echos<\/li>\n<li><a href=\"https:\/\/news.google.com\/rss\/articles\/CBMi8AFBVV95cUxNbHVLc1M1VnI1aHZwbFJnTmxDTm8wamVROWcyQTk4QnpfUlFuSkpRWkV5cEs2d3Z6RGhxcGJjSThJbURnMWItMS1IWFNqVUNhX2ZaY1d1Qk1KdUF4Rmp2OXBDSHJPeHdoRXhPbWw0bjBxbkxsUTI5T3EzMXVLZjVDdWJiWXJkQUptNHJ6NGk0X2xVSXotTkRxVHdUNGlZMjVNb3BhTzh2RlhnQ1RpMWpBMFU5RVp1ZFNsTVVwcHBBYkhVS29RRlZPaGNVdU1pVnhxaUlFd29HUUt4dGx0aHoxNmRnS3ZzYk9vT2dpVDZhdzM?oc=5\" target=\"_blank\" rel=\"nofollow noopener\">Malgr\u00e9 l\u2019accord entre Washington et Caracas, les cours du p\u00e9trole ne vont pas forc\u00e9ment baisser<\/a>&nbsp;&nbsp;franceinfo<\/li>\n<li><a href=\"https:\/\/news.google.com\/rss\/articles\/CBMi1AFBVV95cUxNaTFLbUdmQmhuNnpnWXpBc0t5b0VtS2FIQ01LZURGSWRZREpuU2NBcVRkbko3YWZBeTBidXhEaUs3alFnM3hKMllKWWRKNkxEU0xCUFNQWGwtLWJxaHBQdWFzbjEzbkxGY3hFNlMyb2JkUjBidGRQNWx3ZmtHZW1yTjBjQUhLMUxaMlcwU1VDMk4xZWV5ZGJpTzJRcXFDNVJ6WlM2ZWQ1alh4ZmNPTzd0TDFCNXFvRmJGc204RHNhQWswQ2FBZV9FZ2piMEhBaVlLc0lXYw?oc=5\" target=\"_blank\" rel=\"nofollow noopener\">Eni accompagne le Venezuela dans la reconstruction de son secteur \u00e9nerg\u00e9tique<\/a>&nbsp;&nbsp;Zonebourse<\/li>\n<\/ol>\n","protected":false},"excerpt":{"rendered":"\u00ab Cet or noir coule dans nos veines, il est \u00e0 nous ! \u00bb : au Venezuela, \u00ab&hellip;\n","protected":false},"author":2,"featured_media":897496,"comment_status":"","ping_status":"","sticky":false,"template":"","format":"standard","meta":{"footnotes":"","_share_on_mastodon":"0"},"categories":[5],"tags":[11,1011,27,14,12,28],"class_list":["post-1158947","post","type-post","status-publish","format-standard","has-post-thumbnail","category-international","tag-actualites","tag-fr","tag-france","tag-international","tag-news","tag-world"],"share_on_mastodon":{"url":"https:\/\/pubeurope.com\/@fr\/117189551849260931","error":""},"_links":{"self":[{"href":"https:\/\/www.europesays.com\/fr\/wp-json\/wp\/v2\/posts\/1158947","targetHints":{"allow":["GET"]}}],"collection":[{"href":"https:\/\/www.europesays.com\/fr\/wp-json\/wp\/v2\/posts"}],"about":[{"href":"https:\/\/www.europesays.com\/fr\/wp-json\/wp\/v2\/types\/post"}],"author":[{"embeddable":true,"href":"https:\/\/www.europesays.com\/fr\/wp-json\/wp\/v2\/users\/2"}],"replies":[{"embeddable":true,"href":"https:\/\/www.europesays.com\/fr\/wp-json\/wp\/v2\/comments?post=1158947"}],"version-history":[{"count":0,"href":"https:\/\/www.europesays.com\/fr\/wp-json\/wp\/v2\/posts\/1158947\/revisions"}],"wp:featuredmedia":[{"embeddable":true,"href":"https:\/\/www.europesays.com\/fr\/wp-json\/wp\/v2\/media\/897496"}],"wp:attachment":[{"href":"https:\/\/www.europesays.com\/fr\/wp-json\/wp\/v2\/media?parent=1158947"}],"wp:term":[{"taxonomy":"category","embeddable":true,"href":"https:\/\/www.europesays.com\/fr\/wp-json\/wp\/v2\/categories?post=1158947"},{"taxonomy":"post_tag","embeddable":true,"href":"https:\/\/www.europesays.com\/fr\/wp-json\/wp\/v2\/tags?post=1158947"}],"curies":[{"name":"wp","href":"https:\/\/api.w.org\/{rel}","templated":true}]}}