{"id":1158962,"date":"2026-08-31T10:15:14","date_gmt":"2026-08-31T10:15:14","guid":{"rendered":"https:\/\/www.europesays.com\/fr\/1158962\/"},"modified":"2026-08-31T10:15:14","modified_gmt":"2026-08-31T10:15:14","slug":"dimportants-moyens-de-recherche-avaient-ete-deployes-un-septuagenaire-disparu-pres-de-son-domicile-aux-portes-de-montpellier-retrouve-decede","status":"publish","type":"post","link":"https:\/\/www.europesays.com\/fr\/1158962\/","title":{"rendered":"D\u2019importants moyens de recherche avaient \u00e9t\u00e9 d\u00e9ploy\u00e9s\u00a0: un septuag\u00e9naire disparu pr\u00e8s de son domicile, aux portes de Montpellier, retrouv\u00e9 d\u00e9c\u00e9d\u00e9"},"content":{"rendered":"<p>\n                                                                Un homme de 75 ans, signal\u00e9 disparu dimanche 30\u00a0ao\u00fbt en milieu de matin\u00e9e \u00e0 Saint-Cl\u00e9ment-de-Rivi\u00e8re, au nord de Montpellier, a \u00e9t\u00e9 retrouv\u00e9 d\u00e9c\u00e9d\u00e9 \u00e0 proximit\u00e9 de son domicile en d\u00e9but de soir\u00e9e.\n                            <\/p>\n<p>Sa compagne avait donn\u00e9 l\u2019alerte dimanche 30\u00a0ao\u00fbt en milieu de matin\u00e9e, inqui\u00e8te de ne pas le voir revenir apr\u00e8s avoir quitt\u00e9 leur domicile\u00a0: un homme de 75 ans, signal\u00e9 disparu \u00e0 Saint-Cl\u00e9ment-de-Rivi\u00e8re au nord de Montpellier, a \u00e9t\u00e9 retrouv\u00e9 sans vie en d\u00e9but de soir\u00e9e, \u00e0 quelques centaines de m\u00e8tres de chez lui, dans une zone foresti\u00e8re. Des investigations sont en cours afin de d\u00e9terminer les circonstances du d\u00e9c\u00e8s, dont on ignore \u00e0 ce stade les circonstances.<\/p>\n<p>Motards, r\u00e9serves citoyennes et comit\u00e9 feux de for\u00eats\u00a0en renfort<\/p>\n<p>Cette d\u00e9couverte est intervenue \u00e0 l\u2019issue d\u2019intenses recherches engag\u00e9es tout au long de la journ\u00e9e de dimanche par les gendarmes de la compagnie de Castelnau-le-Lez, aid\u00e9s de leurs coll\u00e8gues de l\u2019EDCF (Escadron d\u00e9partemental de contr\u00f4le des flux), \u00e0 moto routi\u00e8re et tout-terrain, soit une trentaine de militaires.<\/p>\n<p>Des membres des r\u00e9serves citoyennes de Saint-Cl\u00e9ment-de-Rivi\u00e8re et Montferrier-sur-Lez (environ 25 personnes en tout), ainsi qu\u2019une dizaine de membres du\u00a0comit\u00e9 communal des feux de for\u00eats de Saint-G\u00e9ly-du-Fesc, ont \u00e9galement apport\u00e9 un concours pr\u00e9cieux pour mener des recherches, principalement p\u00e9destres.<\/p>\n<p>Les gendarmes sur place jusque dans la nuit<\/p>\n<p>Une \u00e9quipe cynophile et un drone avaient \u00e9galement \u00e9t\u00e9 mobilis\u00e9s pour compl\u00e9ter le dispositif, jusqu\u2019\u00e0 la d\u00e9couverte du corps, vers 20\u00a0h. Les constatations effectu\u00e9es par les gendarmes de la brigade de Saint-G\u00e9ly-du-Fesc se sont prolong\u00e9es jusque dans la nuit.<\/p>\n","protected":false},"excerpt":{"rendered":"Un homme de 75 ans, signal\u00e9 disparu dimanche 30\u00a0ao\u00fbt en milieu de matin\u00e9e \u00e0 Saint-Cl\u00e9ment-de-Rivi\u00e8re, au nord de&hellip;\n","protected":false},"author":2,"featured_media":1158963,"comment_status":"","ping_status":"","sticky":false,"template":"","format":"standard","meta":{"footnotes":"","_share_on_mastodon":"0"},"categories":[9599],"tags":[1111,11,1777,674,118,1011,27,7089,2208,12,2680,25],"class_list":["post-1158962","post","type-post","status-publish","format-standard","has-post-thumbnail","category-montpellier","tag-actu","tag-actualites","tag-eu","tag-europe","tag-faits-divers","tag-fr","tag-france","tag-herault","tag-montpellier","tag-news","tag-occitanie","tag-republique-francaise"],"share_on_mastodon":{"url":"https:\/\/pubeurope.com\/@fr\/117189602458679481","error":""},"_links":{"self":[{"href":"https:\/\/www.europesays.com\/fr\/wp-json\/wp\/v2\/posts\/1158962","targetHints":{"allow":["GET"]}}],"collection":[{"href":"https:\/\/www.europesays.com\/fr\/wp-json\/wp\/v2\/posts"}],"about":[{"href":"https:\/\/www.europesays.com\/fr\/wp-json\/wp\/v2\/types\/post"}],"author":[{"embeddable":true,"href":"https:\/\/www.europesays.com\/fr\/wp-json\/wp\/v2\/users\/2"}],"replies":[{"embeddable":true,"href":"https:\/\/www.europesays.com\/fr\/wp-json\/wp\/v2\/comments?post=1158962"}],"version-history":[{"count":0,"href":"https:\/\/www.europesays.com\/fr\/wp-json\/wp\/v2\/posts\/1158962\/revisions"}],"wp:featuredmedia":[{"embeddable":true,"href":"https:\/\/www.europesays.com\/fr\/wp-json\/wp\/v2\/media\/1158963"}],"wp:attachment":[{"href":"https:\/\/www.europesays.com\/fr\/wp-json\/wp\/v2\/media?parent=1158962"}],"wp:term":[{"taxonomy":"category","embeddable":true,"href":"https:\/\/www.europesays.com\/fr\/wp-json\/wp\/v2\/categories?post=1158962"},{"taxonomy":"post_tag","embeddable":true,"href":"https:\/\/www.europesays.com\/fr\/wp-json\/wp\/v2\/tags?post=1158962"}],"curies":[{"name":"wp","href":"https:\/\/api.w.org\/{rel}","templated":true}]}}