{"id":1158964,"date":"2026-08-31T10:16:15","date_gmt":"2026-08-31T10:16:15","guid":{"rendered":"https:\/\/www.europesays.com\/fr\/1158964\/"},"modified":"2026-08-31T10:16:15","modified_gmt":"2026-08-31T10:16:15","slug":"des-places-disponibles-au-conservatoire-de-montpellier-pour-leveil-musical-et-les-programmes-inclusifs","status":"publish","type":"post","link":"https:\/\/www.europesays.com\/fr\/1158964\/","title":{"rendered":"Des places disponibles au Conservatoire de Montpellier pour l\u2019\u00e9veil musical et les programmes inclusifs"},"content":{"rendered":"<p>\n                                                                Il reste encore quelques opportunit\u00e9s pour s\u2019inscrire \u00e0 la Cit\u00e9 des Arts de Montpellier M\u00e9diterran\u00e9e M\u00e9tropole pour la saison 2026. Du th\u00e9\u00e2tre \u00e0 l\u2019\u00e9veil artistique d\u00e8s 5 ans, sans oublier des dispositifs adapt\u00e9s au handicap, le Conservatoire finalise ses effectifs. Aper\u00e7u des d\u00e9marches.\n                            <\/p>\n<p>\u00c0 la Cit\u00e9 des Arts de <a href=\"https:\/\/www.midilibre.fr\/herault\/montpellier\/\" target=\"_blank\" rel=\"nofollow noopener\">Montpellier<\/a>, les \u00e9quipes pr\u00e9parent les derniers r\u00e9glages avant le grand bain de la rentr\u00e9e. Bonne nouvelle pour les retardataires ou les ind\u00e9cis\u00a0: le Conservatoire \u00e0 Rayonnement R\u00e9gional dispose encore de cr\u00e9neaux dans plusieurs cursus d\u00e9di\u00e9s aux jeunes, mais aussi aux publics n\u00e9cessitant un accompagnement sp\u00e9cifique.<\/p>\n<p>De 5 \u00e0 14 ans\u00a0: \u00e9veil global et sc\u00e8ne<\/p>\n<p>Pour les plus petits, les sections d\u2019\u00e9veil ouvrent la porte aux premi\u00e8res d\u00e9couvertes sc\u00e9niques et sonores\u00a0: \u00e9veil musical (5 ans), accessible aux enfants n\u00e9s en 2021, et \u00e9veil pluridisciplinaire (6 ans), un module combinant danse, musique et th\u00e9\u00e2tre pour la g\u00e9n\u00e9ration 2020.\u00a0Attention\u00a0: les dossiers pour ces deux cat\u00e9gories sont trait\u00e9s au fil de l\u2019eau, selon l\u2019ordre d\u2019arriv\u00e9e.<\/p>\n<p>Les adolescents de 13 et 14 ans (n\u00e9s en 2012 ou 2013) peuvent quant \u00e0 eux tenter le parcours Mutation Th\u00e9\u00e2tre. Il faudra faire vite\u00a0: les candidatures au test d\u2019entr\u00e9e sont ouvertes jusqu\u2019au 7\u00a0septembre inclus, avant une \u00e9preuve planifi\u00e9e le 9\u00a0septembre de 16\u00a0h \u00e0 17\u00a0heures.<\/p>\n<p>Un engagement pour l\u2019inclusion<\/p>\n<p>Dans une d\u00e9marche d\u2019ouverture, la Cit\u00e9 des Arts consolide ses programmes \u00e0 destination des personnes en situation de handicap, quel que soit leur \u00e2ge (avec une priorit\u00e9 accord\u00e9e aux enfants)\u00a0: danse adapt\u00e9e, un cr\u00e9neau r\u00e9serv\u00e9 aux enfants et ados chaque lundi, de 17\u00a0h\u00a045 \u00e0 18\u00a0h\u00a045, et musique adapt\u00e9e, un accueil personnalis\u00e9 organis\u00e9 deux vendredis apr\u00e8s-midi par mois.<\/p>\n<p><strong>Informations et inscriptions\u00a0<\/strong>: <a href=\"https:\/\/www.montpellier.fr\/vie-quotidienne\/vivre-ici\/se-cultiver\/enseignements-artistiques\/cite-des-arts-conservatoire-rayonnement-regional\" target=\"_self\" rel=\"nofollow noopener\">Cit\u00e9 des Arts<\/a>, 13\u00a0avenue du Professeur-Grasset \u00e0 <a href=\"https:\/\/www.midilibre.fr\/herault\/montpellier\/\" target=\"_blank\" rel=\"nofollow noopener\">Montpellier<\/a>, scolarit\u00e9 au\u00a004\u00a099\u00a054\u00a077\u00a077 et \u00e0 scolarite.crr@montpellier.fr, r\u00e9f\u00e9rent handicap\u00a0: Val\u00e9ry Vin\u00e9 (valery.vine@montpellier.fr).<\/p>\n","protected":false},"excerpt":{"rendered":"Il reste encore quelques opportunit\u00e9s pour s\u2019inscrire \u00e0 la Cit\u00e9 des Arts de Montpellier M\u00e9diterran\u00e9e M\u00e9tropole pour la&hellip;\n","protected":false},"author":2,"featured_media":1158965,"comment_status":"","ping_status":"","sticky":false,"template":"","format":"standard","meta":{"footnotes":"","_share_on_mastodon":"0"},"categories":[9599],"tags":[1111,11,872,1777,674,1011,27,7089,2208,12,2680,25],"class_list":["post-1158964","post","type-post","status-publish","format-standard","has-post-thumbnail","category-montpellier","tag-actu","tag-actualites","tag-culture-et-loisirs","tag-eu","tag-europe","tag-fr","tag-france","tag-herault","tag-montpellier","tag-news","tag-occitanie","tag-republique-francaise"],"share_on_mastodon":{"url":"https:\/\/pubeurope.com\/@fr\/117189606345928156","error":""},"_links":{"self":[{"href":"https:\/\/www.europesays.com\/fr\/wp-json\/wp\/v2\/posts\/1158964","targetHints":{"allow":["GET"]}}],"collection":[{"href":"https:\/\/www.europesays.com\/fr\/wp-json\/wp\/v2\/posts"}],"about":[{"href":"https:\/\/www.europesays.com\/fr\/wp-json\/wp\/v2\/types\/post"}],"author":[{"embeddable":true,"href":"https:\/\/www.europesays.com\/fr\/wp-json\/wp\/v2\/users\/2"}],"replies":[{"embeddable":true,"href":"https:\/\/www.europesays.com\/fr\/wp-json\/wp\/v2\/comments?post=1158964"}],"version-history":[{"count":0,"href":"https:\/\/www.europesays.com\/fr\/wp-json\/wp\/v2\/posts\/1158964\/revisions"}],"wp:featuredmedia":[{"embeddable":true,"href":"https:\/\/www.europesays.com\/fr\/wp-json\/wp\/v2\/media\/1158965"}],"wp:attachment":[{"href":"https:\/\/www.europesays.com\/fr\/wp-json\/wp\/v2\/media?parent=1158964"}],"wp:term":[{"taxonomy":"category","embeddable":true,"href":"https:\/\/www.europesays.com\/fr\/wp-json\/wp\/v2\/categories?post=1158964"},{"taxonomy":"post_tag","embeddable":true,"href":"https:\/\/www.europesays.com\/fr\/wp-json\/wp\/v2\/tags?post=1158964"}],"curies":[{"name":"wp","href":"https:\/\/api.w.org\/{rel}","templated":true}]}}