{"id":1158978,"date":"2026-08-31T10:27:23","date_gmt":"2026-08-31T10:27:23","guid":{"rendered":"https:\/\/www.europesays.com\/fr\/1158978\/"},"modified":"2026-08-31T10:27:23","modified_gmt":"2026-08-31T10:27:23","slug":"davolsheim-a-eschau-festival-voix-et-route-romane-immersion-dans-la-musique-profane-du-xive-siecle","status":"publish","type":"post","link":"https:\/\/www.europesays.com\/fr\/1158978\/","title":{"rendered":"D\u2019Avolsheim \u00e0 Eschau. Festival Voix et route romane, immersion dans la musique profane du XIVe\u00a0si\u00e8cle"},"content":{"rendered":"<p>\u00ab\u00a0L\u2019escapade\u00a0\u00bb du jour d\u00e9bute sous un soleil agr\u00e9able, les musiciens plac\u00e9s sous le porche du Dompeter proposant une alerte introduction instrumentale. Dans l\u2019\u00e9glise, presque compl\u00e8tement remplie, les quatre musiciens de l\u2019ensemble La Reverdie emmen\u00e9 par les s\u0153urs Caffagni convient \u00e0 la d\u00e9couverte d\u2019un style en vogue dans l\u2019Italie d\u2019alors\u00a0: la caccia (la chasse).<\/p>\n<p>Dans ce vivace madrigal, deux voire trois voix se livrent une course-poursuite sous la forme d\u2019une haletante polyphonie, anim\u00e9e par canons et hoquets. L\u2019accompagnement plus calme d\u00e9voile ses multiples combinaisons \u00e0 mesure que les interpr\u00e8tes sortent les instruments de leur besace. Harpe et luth pour les cordes pinc\u00e9es, rebec et vielle c\u00f4t\u00e9 cordes frott\u00e9es, fl\u00fbtes et tambourin composent un petit orchestre dont les couleurs fusionnent avec les voix de mani\u00e8re \u00e9tonnante.<\/p>\n<p>L\u2019\u00e9criture foisonne et se r\u00e9sout, ultime accomplissement, dans un unisson parfait, qui s\u2019inscrit longtemps sur les tympans. Les musiciens pr\u00e9sentent eux-m\u00eames le programme et en particulier ses textes, avec la complicit\u00e9 de Beno\u00eet Haller. Les oiseaux s\u2019y invitent, parfois en onomatop\u00e9es, et la chasse, narr\u00e9e avec truculence, prend un tour amoureux par analogie. On parle aussi de l\u2019importance du travail de cr\u00e9ation pour produire de la musique m\u00e9di\u00e9vale instrumentale aux traces \u00e9crites fragmentaires. Cette heure distille son imaginaire et sa didactique de bon aloi.<\/p>\n<p>  L\u2019amour courtois, encore et toujours\u00a0!<\/p>\n<p>En d\u00e9but de soir\u00e9e, le public, encore plus nombreux, se rend du c\u00f4t\u00e9 de l\u2019abbaye Saint-Trophime \u00e0 Eschau pour entendre une des \u0153uvres majeures de l\u2019Ars nova en France\u00a0: Le Rem\u00e8de de Fortune de Guillaume de Machaut. Compositeur, mais \u00e9galement po\u00e8te, Machaut \u00e9crit tout \u00e0 la fois les textes et leurs musiques.<\/p>\n<p>Lus et chant\u00e9s en alternance, les 4300 vers retracent l\u2019itin\u00e9raire sentimental d\u2019un homme aux prises avec les affres de l\u2019amour, s\u2019en prenant \u00e0 Dame Fortune dans d\u2019intenses \u00e9clats dramatiques, incarn\u00e9s par un Marc Mauillon incandescent. La peinture des sentiments est soulign\u00e9e ici par l\u2019accompagnement parfaitement dos\u00e9 de fl\u00fbtes, harpe et vielle.<\/p>\n<p>Les instruments dialoguent avec la voix pour emporter les auditeurs dans une exp\u00e9rience digne des soir\u00e9es des cours seigneuriales. Apr\u00e8s la complainte d\u00e9chirante et lancinante d\u2019une quarantaine de minutes, l\u2019arriv\u00e9e de la soprano Cl\u00e9mence Niclas, en Esp\u00e9rance joyeuse, permet au c\u0153ur meurtri du po\u00e8te de trouver enfin le repos et \u00e0 la lumi\u00e8re de triompher, suscitant par un contraste saisissant une \u00e9motion intense. Au terme de presque deux heures de musique, saluons l\u2019engagement extraordinaire de chacun des artistes. Quelle journ\u00e9e pour le festival\u00a0!<\/p>\n","protected":false},"excerpt":{"rendered":"\u00ab\u00a0L\u2019escapade\u00a0\u00bb du jour d\u00e9bute sous un soleil agr\u00e9able, les musiciens plac\u00e9s sous le porche du Dompeter proposant une&hellip;\n","protected":false},"author":2,"featured_media":1158979,"comment_status":"","ping_status":"","sticky":false,"template":"","format":"standard","meta":{"footnotes":"","_share_on_mastodon":"0"},"categories":[2820],"tags":[1111,11,2389,100289,1687,24625,1777,674,107,1011,27,775,873,12,25,24624,640],"class_list":["post-1158978","post","type-post","status-publish","format-standard","has-post-thumbnail","category-strasbourg","tag-actu","tag-actualites","tag-alsace","tag-avolsheim","tag-culture-loisirs","tag-edition-molsheim-obernai","tag-eu","tag-europe","tag-fil-info","tag-fr","tag-france","tag-grand-est","tag-musique","tag-news","tag-republique-francaise","tag-secteur-de-molsheim","tag-strasbourg"],"share_on_mastodon":{"url":"https:\/\/pubeurope.com\/@fr\/117189649827462129","error":""},"_links":{"self":[{"href":"https:\/\/www.europesays.com\/fr\/wp-json\/wp\/v2\/posts\/1158978","targetHints":{"allow":["GET"]}}],"collection":[{"href":"https:\/\/www.europesays.com\/fr\/wp-json\/wp\/v2\/posts"}],"about":[{"href":"https:\/\/www.europesays.com\/fr\/wp-json\/wp\/v2\/types\/post"}],"author":[{"embeddable":true,"href":"https:\/\/www.europesays.com\/fr\/wp-json\/wp\/v2\/users\/2"}],"replies":[{"embeddable":true,"href":"https:\/\/www.europesays.com\/fr\/wp-json\/wp\/v2\/comments?post=1158978"}],"version-history":[{"count":0,"href":"https:\/\/www.europesays.com\/fr\/wp-json\/wp\/v2\/posts\/1158978\/revisions"}],"wp:featuredmedia":[{"embeddable":true,"href":"https:\/\/www.europesays.com\/fr\/wp-json\/wp\/v2\/media\/1158979"}],"wp:attachment":[{"href":"https:\/\/www.europesays.com\/fr\/wp-json\/wp\/v2\/media?parent=1158978"}],"wp:term":[{"taxonomy":"category","embeddable":true,"href":"https:\/\/www.europesays.com\/fr\/wp-json\/wp\/v2\/categories?post=1158978"},{"taxonomy":"post_tag","embeddable":true,"href":"https:\/\/www.europesays.com\/fr\/wp-json\/wp\/v2\/tags?post=1158978"}],"curies":[{"name":"wp","href":"https:\/\/api.w.org\/{rel}","templated":true}]}}