{"id":1158986,"date":"2026-08-31T10:34:23","date_gmt":"2026-08-31T10:34:23","guid":{"rendered":"https:\/\/www.europesays.com\/fr\/1158986\/"},"modified":"2026-08-31T10:34:23","modified_gmt":"2026-08-31T10:34:23","slug":"pres-de-nantes-un-automobiliste-de-78-ans-qui-roulait-a-contresens-meurt-apres-avoir-percute-une-famille","status":"publish","type":"post","link":"https:\/\/www.europesays.com\/fr\/1158986\/","title":{"rendered":"Pr\u00e8s de Nantes, un automobiliste de 78 ans qui roulait \u00e0 contresens meurt apr\u00e8s avoir percut\u00e9 une famille"},"content":{"rendered":"<p>\n    L\u2019accident s\u2019est produit dans la nuit de samedi \u00e0 dimanche sur la nationale reliant Nantes \u00e0 Rennes. Le septuag\u00e9naire a percut\u00e9 le v\u00e9hicule d\u2019une famille avec deux enfants. Ces derniers ont \u00e9t\u00e9 transport\u00e9s \u00e0 l\u2019h\u00f4pital.<\/p>\n<p class=\"fig-paragraph\">Un drame s\u2019est produit dans la nuit de samedi \u00e0 dimanche dans\u00a0<a href=\"http:\/\/www.lefigaro.fr\/nantes\/nantes-un-feu-parti-d-un-bidonville-rom-ravage-un-immeuble-voisin-20260826\" target=\"_blank\" data-fig-type=\"NewsFlash\" rel=\"noopener nofollow\" data-gtm-custom-categorie=\"navigation\" data-gtm-custom-action=\"crossclick\" data-gtm-custom-label=\"Contextuel\" data-gtm-event=\"customEventSPE\" data-fig-domain=\"LEFIGARO\">l\u2019agglom\u00e9ration nantaise<\/a>. Les pompiers ont \u00e9t\u00e9 appel\u00e9s vers 1\u00a0h\u00a030 du matin pour une collision entre deux voitures \u00e0\u00a0<a href=\"http:\/\/www.lefigaro.fr\/nantes\/loire-atlantique-300-gens-du-voyage-contre-une-quinzaine-de-policiers-le-recit-d-une-intrusion-qui-met-un-maire-hors-de-lui-20260824\" target=\"_blank\" data-fig-type=\"NewsFlash\" rel=\"noopener nofollow\" data-gtm-custom-categorie=\"navigation\" data-gtm-custom-action=\"crossclick\" data-gtm-custom-label=\"Contextuel\" data-gtm-event=\"customEventSPE\" data-fig-domain=\"LEFIGARO\">Orvault<\/a>. Un homme de 78 ans, qui circulait \u00e0 contresens, a percut\u00e9 de plein fouet un v\u00e9hicule sur la nationale reliant Nantes \u00e0 Rennes. Le septuag\u00e9naire, seul \u00e0 bord, est d\u00e9c\u00e9d\u00e9 dans l\u2019accident. Selon le quotidien r\u00e9gional\u00a0<a href=\"https:\/\/www.ouest-france.fr\/faits-divers\/accidents\/vehicule-a-contresens-entre-nantes-et-rennes-une-mere-et-son-bebe-gravement-blesses-lors-du-choc-frontal-00fa7fda-a431-11f1-8465-547a0964275c\" target=\"_blank\" rel=\"noopener nofollow\" data-gtm-custom-categorie=\"navigation\" data-gtm-custom-action=\"crossclick\" data-gtm-custom-label=\"Contextuel\" data-gtm-event=\"customEventSPE\">Presse Oc\u00e9an<\/a>, ce dernier, qui allait chercher sa femme \u00e0 l\u2019a\u00e9roport, aurait roul\u00e9 sur la mauvaise voie pendant pr\u00e8s de 12\u00a0kilom\u00e8tres.<\/p>\n<p class=\"fig-paragraph\">Dans le v\u00e9hicule qu\u2019il a percut\u00e9, un SUV, se trouvait une famille de quatre personnes. La conductrice de 30 ans a \u00e9t\u00e9 \u00ab\u00a0transport\u00e9e au CHU de Nantes en urgence relative\u00a0\u00bb, indique le bulletin des sapeurs-pompiers de Loire-Atlantique. Le p\u00e8re de famille a \u00e9galement \u00e9t\u00e9 conduit \u00e0 l\u2019h\u00f4pital, tandis que les deux enfants, \u00e2g\u00e9s de 1 et 5 ans, ont \u00e9t\u00e9 emmen\u00e9s aux urgences p\u00e9diatriques. Le temps de l\u2019intervention, la nationale a \u00e9t\u00e9 coup\u00e9e \u00e0 la circulation.<\/p>\n<p>                                            <a class=\"fig-a11y-skip\" href=\"#fig-a11y-skip-main-inarticle\" is=\"fig-a11y-skip\" data-trigger-mode=\"visible-once\"><br \/>\n    Passer la publicit\u00e9<br \/>\n<\/a>            <\/p>\n<p class=\"fig-paragraph\">Cette m\u00eame nuit, un autre accident mortel s\u2019est produit non loin de l\u00e0, au sud de Nantes, sur le p\u00e9riph\u00e9rique int\u00e9rieur. \u00c0 hauteur de Vertou, les pompiers ont \u00e9t\u00e9 appel\u00e9s vers 4\u00a0h\u00a030 apr\u00e8s qu\u2019un automobiliste a percut\u00e9 un arbre. \u00c0 leur arriv\u00e9e, ils ont d\u00e9couvert un jeune homme de 18 ans, d\u00e9c\u00e9d\u00e9, \u00e9ject\u00e9 de son v\u00e9hicule apr\u00e8s une sortie de route.<\/p>\n","protected":false},"excerpt":{"rendered":"L\u2019accident s\u2019est produit dans la nuit de samedi \u00e0 dimanche sur la nationale reliant Nantes \u00e0 Rennes. Le&hellip;\n","protected":false},"author":2,"featured_media":1158987,"comment_status":"","ping_status":"","sticky":false,"template":"","format":"standard","meta":{"footnotes":"","_share_on_mastodon":"0"},"categories":[2818],"tags":[119,1111,11,1777,674,1011,27,766,12,2636,25,656],"class_list":["post-1158986","post","type-post","status-publish","format-standard","has-post-thumbnail","category-nantes","tag-accident","tag-actu","tag-actualites","tag-eu","tag-europe","tag-fr","tag-france","tag-nantes","tag-news","tag-pays-de-la-loire","tag-republique-francaise","tag-securite"],"share_on_mastodon":{"url":"https:\/\/pubeurope.com\/@fr\/117189677227613949","error":""},"_links":{"self":[{"href":"https:\/\/www.europesays.com\/fr\/wp-json\/wp\/v2\/posts\/1158986","targetHints":{"allow":["GET"]}}],"collection":[{"href":"https:\/\/www.europesays.com\/fr\/wp-json\/wp\/v2\/posts"}],"about":[{"href":"https:\/\/www.europesays.com\/fr\/wp-json\/wp\/v2\/types\/post"}],"author":[{"embeddable":true,"href":"https:\/\/www.europesays.com\/fr\/wp-json\/wp\/v2\/users\/2"}],"replies":[{"embeddable":true,"href":"https:\/\/www.europesays.com\/fr\/wp-json\/wp\/v2\/comments?post=1158986"}],"version-history":[{"count":0,"href":"https:\/\/www.europesays.com\/fr\/wp-json\/wp\/v2\/posts\/1158986\/revisions"}],"wp:featuredmedia":[{"embeddable":true,"href":"https:\/\/www.europesays.com\/fr\/wp-json\/wp\/v2\/media\/1158987"}],"wp:attachment":[{"href":"https:\/\/www.europesays.com\/fr\/wp-json\/wp\/v2\/media?parent=1158986"}],"wp:term":[{"taxonomy":"category","embeddable":true,"href":"https:\/\/www.europesays.com\/fr\/wp-json\/wp\/v2\/categories?post=1158986"},{"taxonomy":"post_tag","embeddable":true,"href":"https:\/\/www.europesays.com\/fr\/wp-json\/wp\/v2\/tags?post=1158986"}],"curies":[{"name":"wp","href":"https:\/\/api.w.org\/{rel}","templated":true}]}}