{"id":1158992,"date":"2026-08-31T10:37:14","date_gmt":"2026-08-31T10:37:14","guid":{"rendered":"https:\/\/www.europesays.com\/fr\/1158992\/"},"modified":"2026-08-31T10:37:14","modified_gmt":"2026-08-31T10:37:14","slug":"angele-est-de-retour-la-chanteuse-belge-annonce-une-tournee-mondiale-avec-un-passage-a-toulouse-en-octobre-2027","status":"publish","type":"post","link":"https:\/\/www.europesays.com\/fr\/1158992\/","title":{"rendered":"Ang\u00e8le est de retour : la chanteuse belge annonce une tourn\u00e9e mondiale, avec un passage \u00e0 Toulouse en octobre 2027"},"content":{"rendered":"<p>\n                                                                    l&rsquo;essentiel<br \/>\n                                                                Ang\u00e8le pr\u00e9pare son retour sur sc\u00e8ne. Apr\u00e8s avoir d\u00e9voil\u00e9 trois singles ces derniers mois, la chanteuse belge annonce une grande tourn\u00e9e mondiale \u00e0 l&rsquo;occasion de la sortie prochaine de son troisi\u00e8me album. Parmi les dates annonc\u00e9es, un passage est pr\u00e9vu au Z\u00e9nith de Toulouse en octobre 2027.\n                            <\/p>\n<p>Ang\u00e8le est bel et bien de retour. Apr\u00e8s avoir d\u00e9voil\u00e9 trois singles en l&rsquo;espace de quelques mois, avec \u00ab\u00a0What you want\u00a0\u00bb, \u00ab\u00a0Dis-le\u00a0\u00bb, et plus r\u00e9cemment, \u00ab\u00a0Une seule vie\u00a0\u00bb, sorti vendredi 28 ao\u00fbt, la chanteuse belge vient d&rsquo;annoncer une nouvelle tourn\u00e9e mondiale. Et Toulouse figure bien parmi les \u00e9tapes de ce grand retour sur sc\u00e8ne, aux c\u00f4t\u00e9s notamment de Paris, New York et Montr\u00e9al.\u00a0<\/p>\n<p>Ang\u00e8le se produira au Z\u00e9nith de Toulouse<\/p>\n<p>La chanteuse belge retrouvera bient\u00f4t son public. Ang\u00e8le se produira au Z\u00e9nith de Toulouse le 19 octobre 2027, \u00e0 partir de 20 heures. L&rsquo;annonce a \u00e9t\u00e9 faite sur son compte Instagram, suivi par 3,9 millions de personnes. \u00ab\u00a0INSTINCT Tour is coming, on se voit o\u00f9 ?\u00a0\u00bb, \u00e9crit-elle pour annoncer cette nouvelle s\u00e9rie de concerts.\u00a0<\/p>\n<p>Cett tourn\u00e9e mondiale accompagne la sortie de son troisi\u00e8me album, baptis\u00e9 \u00ab\u00a0INSTINCT\u00a0\u00bb. Le nouvel opus de la chanteuse doit para\u00eetre le 16 octobre prochain. Pour le concert toulousain, les fans devront toutefois patienter encore un peu avant de pouvoir obtenir leurs billets. Les pr\u00e9ventes ouvriront le 3 septembre \u00e0 10 heures, indique le Z\u00e9nith de Toulouse. La mise en vente g\u00e9n\u00e9rale d\u00e9butera, elle, le 5 septembre \u00e0 11 heures.<\/p>\n<p>Ang\u00e8le s\u2019appr\u00eate donc \u00e0 retrouver les salles de concert avec une tourn\u00e9e qui la conduira dans plusieurs villes europ\u00e9ennes mais aussi outre-Atlantique. Les Toulousains auront rendez-vous avec la chanteuse belge le 19 octobre 2027.<\/p>\n","protected":false},"excerpt":{"rendered":"l&rsquo;essentiel Ang\u00e8le pr\u00e9pare son retour sur sc\u00e8ne. Apr\u00e8s avoir d\u00e9voil\u00e9 trois singles ces derniers mois, la chanteuse belge&hellip;\n","protected":false},"author":2,"featured_media":1158993,"comment_status":"","ping_status":"","sticky":false,"template":"","format":"standard","meta":{"footnotes":"","_share_on_mastodon":"0"},"categories":[2816],"tags":[1111,11,4156,872,1777,674,1011,27,2722,12,2680,25,853,2312],"class_list":["post-1158992","post","type-post","status-publish","format-standard","has-post-thumbnail","category-toulouse","tag-actu","tag-actualites","tag-concerts","tag-culture-et-loisirs","tag-eu","tag-europe","tag-fr","tag-france","tag-haute-garonne","tag-news","tag-occitanie","tag-republique-francaise","tag-spectacles","tag-toulouse"],"share_on_mastodon":{"url":"https:\/\/pubeurope.com\/@fr\/117189689279895090","error":""},"_links":{"self":[{"href":"https:\/\/www.europesays.com\/fr\/wp-json\/wp\/v2\/posts\/1158992","targetHints":{"allow":["GET"]}}],"collection":[{"href":"https:\/\/www.europesays.com\/fr\/wp-json\/wp\/v2\/posts"}],"about":[{"href":"https:\/\/www.europesays.com\/fr\/wp-json\/wp\/v2\/types\/post"}],"author":[{"embeddable":true,"href":"https:\/\/www.europesays.com\/fr\/wp-json\/wp\/v2\/users\/2"}],"replies":[{"embeddable":true,"href":"https:\/\/www.europesays.com\/fr\/wp-json\/wp\/v2\/comments?post=1158992"}],"version-history":[{"count":0,"href":"https:\/\/www.europesays.com\/fr\/wp-json\/wp\/v2\/posts\/1158992\/revisions"}],"wp:featuredmedia":[{"embeddable":true,"href":"https:\/\/www.europesays.com\/fr\/wp-json\/wp\/v2\/media\/1158993"}],"wp:attachment":[{"href":"https:\/\/www.europesays.com\/fr\/wp-json\/wp\/v2\/media?parent=1158992"}],"wp:term":[{"taxonomy":"category","embeddable":true,"href":"https:\/\/www.europesays.com\/fr\/wp-json\/wp\/v2\/categories?post=1158992"},{"taxonomy":"post_tag","embeddable":true,"href":"https:\/\/www.europesays.com\/fr\/wp-json\/wp\/v2\/tags?post=1158992"}],"curies":[{"name":"wp","href":"https:\/\/api.w.org\/{rel}","templated":true}]}}