{"id":115900,"date":"2025-05-21T03:40:09","date_gmt":"2025-05-21T03:40:09","guid":{"rendered":"https:\/\/www.europesays.com\/fr\/115900\/"},"modified":"2025-05-21T03:40:09","modified_gmt":"2025-05-21T03:40:09","slug":"pres-de-rouen-le-rond-point-des-vaches-retrouve-ses-statues-sept-ans-apres-leur-destruction-par-les-gilets-jaunes","status":"publish","type":"post","link":"https:\/\/www.europesays.com\/fr\/115900\/","title":{"rendered":"Pr\u00e8s de Rouen, le rond-point des vaches retrouve ses statues sept ans apr\u00e8s leur destruction par les gilets jaunes"},"content":{"rendered":"<p>FRANCE &#8211; Un grand retour apr\u00e8s sept ans d\u2019absence. Les statues du rond-point des vaches situ\u00e9 \u00e0 Saint-\u00c9tienne-du-Rouvray pr\u00e8s de <a href=\"https:\/\/fr.news.yahoo.com\/%C3%A0-rouen-thomas-jolly-m%C3%A9ga-081716170.html\" data-ylk=\"slk:Rouen;elm:context_link;itc:0;sec:content-canvas;outcm:mb_qualified_link;_E:mb_qualified_link;ct:story;\" class=\"link  yahoo-link\" target=\"_blank\" rel=\"noopener\">Rouen<\/a> (Seine-Maritime) ont fait leur grand retour ce mardi 20\u00a0mai, a annonc\u00e9 la commune sur Facebook. Deux de ses bovins en r\u00e9sine, symboles de la commune, <a href=\"https:\/\/www.huffingtonpost.fr\/justice\/article\/le-maire-de-saint-etienne-du-rouvray-porte-plainte-apres-la-degradation-de-vaches-a-un-rond-point_135136.html\" rel=\"nofollow noopener\" target=\"_blank\" data-ylk=\"slk:avaient \u00e9t\u00e9 d\u00e9truits;elm:context_link;itc:0;sec:content-canvas\" class=\"link \">avaient \u00e9t\u00e9 d\u00e9truits<\/a> lors du premier week-end de mobilisation des gilets jaunes en novembre\u00a02018.<\/p>\n<p>Les trois animaux restant avaient \u00e9t\u00e9 remis\u00e9s par la mairie qui avait port\u00e9 plainte pour \u00ab\u00a0d\u00e9gradations volontaires\u00a0\u00bb. \u00ab\u00a0Certaines vaches ont purement et simplement \u00e9t\u00e9 d\u00e9truites\u00a0\u00bb, avait alors d\u00e9nonc\u00e9 le maire Joachim Moyse, faisant \u00e9tat de \u00ab\u00a0d\u00e9gradations importantes\u00a0\u00bb. D\u2019apr\u00e8s <a href=\"https:\/\/www.paris-normandie.fr\/id631443\/article\/2025-05-17\/saint-etienne-du-rouvray-les-vaches-du-rond-point-vont-faire-leur-grand-retour\" rel=\"nofollow noopener\" target=\"_blank\" data-ylk=\"slk:Paris-Normandie;elm:context_link;itc:0;sec:content-canvas\" class=\"link \">Paris-Normandie<\/a>, l\u2019une des statues avait \u00e9t\u00e9 br\u00fbl\u00e9e et l\u2019autre d\u00e9grad\u00e9e. Des images publi\u00e9es \u00e0 l\u2019\u00e9poque sur X par un journaliste local, <strong>et que vous pouvez voir ci-dessous<\/strong>, montraient notamment un Gilet jaune en train d\u2019en chevaucher une, d\u00e9plac\u00e9e sur la chauss\u00e9e.<\/p>\n<p>Dans un communiqu\u00e9 dat\u00e9 du 19\u00a0mai, la mairie de Saint-\u00c9tienne-du-Rouvray indique avoir d\u00e9cid\u00e9 de \u00ab\u00a0r\u00e9implanter cette semaine\u00a0\u00bb les statues qui sont \u00ab\u00a0devenues un symbole de la contestation contre le contournement est de Rouen\u00a0\u00bb. Ce projet autoroutier \u2013 cens\u00e9 d\u00e9sengorger l\u2019agglom\u00e9ration rouennaise et qui fait d\u00e9bat depuis des ann\u00e9es \u2013 suscite l\u2019opposition de Joachim Moyse. Dans son communiqu\u00e9, la commune estime que \u00ab\u00a0le choix de remettre en place les statues de bovins\u00a0\u00bb est un \u00ab\u00a0signal fort que ce projet n\u2019a d\u2019autre alternative que d\u2019\u00eatre abandonn\u00e9\u00a0\u00bb.<\/p>\n<p>Comme pr\u00e9vu, les cinq vaches ont \u00e9t\u00e9 r\u00e9install\u00e9es ce mardi dans la matin\u00e9e. \u00ab\u00a0Les stars sont de retour\u00a0\u00bb, a salu\u00e9 la mairie de Saint-\u00c9tienne-du-Rouvray. \u00ab\u00a0Ce sont pratiquement les m\u00eames, on a gard\u00e9 le ton marron. Elles sont quand m\u00eame un peu plus l\u00e9g\u00e8res, c\u2019est mieux pour permettre \u00e0 nos agents de les installer\u00a0\u00bb, a pr\u00e9cis\u00e9 Pascal Le Cousin, adjoint \u00e0 la mairie, \u00e0 la radio <a href=\"https:\/\/www.francebleu.fr\/infos\/transports\/a-saint-etienne-du-rouvray-le-rond-point-des-vaches-a-retrouve-ses-statues-bovines-4959631\" rel=\"nofollow noopener\" target=\"_blank\" data-ylk=\"slk:Ici;elm:context_link;itc:0;sec:content-canvas\" class=\"link \">Ici<\/a>.<\/p>\n<p>La nouvelle a fait plaisir aux riverains interrog\u00e9s par <a href=\"https:\/\/www.tendanceouest.com\/actualite-428828-saint-etienne-du-rouvray-les-vaches-du-rond-point-des-vaches-de-retour-c-etait-une-attente-tres-forte-de-la-part-de-la-population\" rel=\"nofollow noopener\" target=\"_blank\" data-ylk=\"slk:Tendance-Ouest;elm:context_link;itc:0;sec:content-canvas\" class=\"link \">Tendance-Ouest<\/a>, satisfaits de voir revenir un \u00ab\u00a0embl\u00e8me\u00a0\u00bb du coin. \u00ab\u00a0Pour moi, le rond-point des vaches sans les vaches, ce n\u2019est plus le m\u00eame\u00a0\u00bb, a t\u00e9moign\u00e9 une habitante qui s\u2019est dite \u00ab\u00a0tr\u00e8s contente\u00a0\u00bb de la r\u00e9installation des statues.<\/p>\n<p>De son c\u00f4t\u00e9, la commune assure que les nouvelles vaches sont fabriqu\u00e9es en Normandie et ont \u00e9t\u00e9 solidement fix\u00e9es \u00e0 un socle en b\u00e9ton pour pr\u00e9venir les actes de vandalisme. Elles avaient \u00e9t\u00e9 install\u00e9es l\u00e0 pour la premi\u00e8re fois en 1989, comme symbole de la r\u00e9gion.<\/p>\n<p><strong>\u00c0 voir \u00e9galement sur Le HuffPost\u00a0:<\/strong><\/p>\n<p><a href=\"https:\/\/fr.news.yahoo.com\/orages-inondations-var-chiffres-illustrent-154505082.html\" data-ylk=\"slk:Orages et inondations dans le Var\u00a0: ces chiffres qui illustrent la violence des intemp\u00e9ries;elm:context_link;itc:0;sec:content-canvas;outcm:mb_qualified_link;_E:mb_qualified_link;ct:story;\" class=\"link  yahoo-link\" target=\"_blank\" rel=\"noopener\"> Orages et inondations dans le Var\u00a0: ces chiffres qui illustrent la violence des intemp\u00e9ries <\/a><\/p>\n<p><a href=\"https:\/\/fr.news.yahoo.com\/prison-break-consiste-op%C3%A9ration-lanc%C3%A9e-131324660.html\" data-ylk=\"slk:\u00ab\u00a0Prison Break\u00a0\u00bb\u00a0: en quoi consiste cette op\u00e9ration lanc\u00e9e dans les prisons fran\u00e7aises;elm:context_link;itc:0;sec:content-canvas;outcm:mb_qualified_link;_E:mb_qualified_link;ct:story;\" class=\"link  yahoo-link\" target=\"_blank\" rel=\"noopener\"> \u00ab\u00a0Prison Break\u00a0\u00bb\u00a0: en quoi consiste cette op\u00e9ration lanc\u00e9e dans les prisons fran\u00e7aises <\/a><\/p>\n","protected":false},"excerpt":{"rendered":"FRANCE &#8211; Un grand retour apr\u00e8s sept ans d\u2019absence. Les statues du rond-point des vaches situ\u00e9 \u00e0 Saint-\u00c9tienne-du-Rouvray&hellip;\n","protected":false},"author":2,"featured_media":115901,"comment_status":"","ping_status":"","sticky":false,"template":"","format":"standard","meta":{"footnotes":""},"categories":[9587],"tags":[1111,11,1777,674,1011,27,23618,12,5161,25,9590,22412,23619,14014],"class_list":{"0":"post-115900","1":"post","2":"type-post","3":"status-publish","4":"format-standard","5":"has-post-thumbnail","7":"category-rouen","8":"tag-actu","9":"tag-actualites","10":"tag-eu","11":"tag-europe","12":"tag-fr","13":"tag-france","14":"tag-le-rond-point","15":"tag-news","16":"tag-normandie","17":"tag-republique-francaise","18":"tag-rouen","19":"tag-saint-etienne-du-rouvray","20":"tag-statues","21":"tag-vaches"},"share_on_mastodon":{"url":"https:\/\/pubeurope.com\/@fr\/114543750234347868","error":""},"_links":{"self":[{"href":"https:\/\/www.europesays.com\/fr\/wp-json\/wp\/v2\/posts\/115900","targetHints":{"allow":["GET"]}}],"collection":[{"href":"https:\/\/www.europesays.com\/fr\/wp-json\/wp\/v2\/posts"}],"about":[{"href":"https:\/\/www.europesays.com\/fr\/wp-json\/wp\/v2\/types\/post"}],"author":[{"embeddable":true,"href":"https:\/\/www.europesays.com\/fr\/wp-json\/wp\/v2\/users\/2"}],"replies":[{"embeddable":true,"href":"https:\/\/www.europesays.com\/fr\/wp-json\/wp\/v2\/comments?post=115900"}],"version-history":[{"count":0,"href":"https:\/\/www.europesays.com\/fr\/wp-json\/wp\/v2\/posts\/115900\/revisions"}],"wp:featuredmedia":[{"embeddable":true,"href":"https:\/\/www.europesays.com\/fr\/wp-json\/wp\/v2\/media\/115901"}],"wp:attachment":[{"href":"https:\/\/www.europesays.com\/fr\/wp-json\/wp\/v2\/media?parent=115900"}],"wp:term":[{"taxonomy":"category","embeddable":true,"href":"https:\/\/www.europesays.com\/fr\/wp-json\/wp\/v2\/categories?post=115900"},{"taxonomy":"post_tag","embeddable":true,"href":"https:\/\/www.europesays.com\/fr\/wp-json\/wp\/v2\/tags?post=115900"}],"curies":[{"name":"wp","href":"https:\/\/api.w.org\/{rel}","templated":true}]}}