{"id":1159007,"date":"2026-08-31T10:52:13","date_gmt":"2026-08-31T10:52:13","guid":{"rendered":"https:\/\/www.europesays.com\/fr\/1159007\/"},"modified":"2026-08-31T10:52:13","modified_gmt":"2026-08-31T10:52:13","slug":"ile-de-france-lannee-2025-marquee-par-moins-daccidents-corporels-mais-autant-de-morts","status":"publish","type":"post","link":"https:\/\/www.europesays.com\/fr\/1159007\/","title":{"rendered":"\u00cele-de-France\u00a0: l&rsquo;ann\u00e9e 2025 marqu\u00e9e par moins d&rsquo;accidents corporels&#8230; mais autant de morts"},"content":{"rendered":"\n<p style=\"margin-bottom: 0cm;\">Ce bilan publi\u00e9 aujourd\u2019hui par la direction r\u00e9gional des transports compare l&rsquo;ann\u00e9e pr\u00e9c\u00e9dente \u00e0 2024. Il y a eu 14.760 accidents corporels en 2025 contre 15.366 l&rsquo;ann\u00e9e pr\u00e9c\u00e9dente. Si le nombre de bless\u00e9s est en baisse sur les routes franciliennes (18.020 contre 18.768 alors), le nombre de morts est exactement le m\u00eame\u00a0: 263 victimes les deux ann\u00e9es. On apprend que plus de trois quarts des accidents (76,5%) ont lieu avec une m\u00e9t\u00e9o \u00ab\u00a0normale\u00a0\u00bb sur route s\u00e8che. Plus de la moiti\u00e9 (50,6%) survient sur des routes communales. Enfin, les hommes repr\u00e9sentent 81,7% des tu\u00e9s. Ils meurent principalement en tant que conducteurs, tandis que les femmes p\u00e9rissent surtout comme pi\u00e9tonnes.<\/p>\n<p style=\"margin-bottom: 0cm;\">\u00a0<\/p>\n<p style=\"margin-bottom: 0cm;\">Nicolas Chacun<\/p>\n<p>!function(f,b,e,v,n,t,s){if(f.fbq)return;n=f.fbq=function(){n.callMethod?<br \/>\nn.callMethod.apply(n,arguments):n.queue.push(arguments)};if(!f._fbq)f._fbq=n;<br \/>\nn.push=n;n.loaded=!0;n.version=&rsquo;2.0&prime;;n.queue=[];t=b.createElement(e);t.async=!0;<br \/>\nt.src=v;s=b.getElementsByTagName(e)[0];s.parentNode.insertBefore(t,s)}(window,<br \/>\ndocument,&rsquo;script&rsquo;,&rsquo;https:\/\/connect.facebook.net\/en_US\/fbevents.js&rsquo;);<br \/>\nfbq(&lsquo;init&rsquo;, &lsquo;278974969201861&rsquo;); \/\/ Insert your pixel ID here.<br \/>\nfbq(&lsquo;track&rsquo;, &lsquo;PageView&rsquo;);<\/p>\n","protected":false},"excerpt":{"rendered":"Ce bilan publi\u00e9 aujourd\u2019hui par la direction r\u00e9gional des transports compare l&rsquo;ann\u00e9e pr\u00e9c\u00e9dente \u00e0 2024. Il y a&hellip;\n","protected":false},"author":2,"featured_media":1159008,"comment_status":"","ping_status":"","sticky":false,"template":"","format":"standard","meta":{"footnotes":"","_share_on_mastodon":"0"},"categories":[1592],"tags":[1111,11,1933,1936,1777,1939,674,1011,27,662,1934,12,1940,626,1935,25,1937,1941,1938],"class_list":["post-1159007","post","type-post","status-publish","format-standard","has-post-thumbnail","category-ile-de-france","tag-actu","tag-actualites","tag-actualites-locales","tag-essonne","tag-eu","tag-eure-et-loir","tag-europe","tag-fr","tag-france","tag-ile-de-france","tag-infos-locales","tag-news","tag-oise","tag-paris","tag-pres-de-chez-vous","tag-republique-francaise","tag-seine-et-marne","tag-somme","tag-yvelines"],"share_on_mastodon":{"url":"https:\/\/pubeurope.com\/@fr\/117189747984191010","error":""},"_links":{"self":[{"href":"https:\/\/www.europesays.com\/fr\/wp-json\/wp\/v2\/posts\/1159007","targetHints":{"allow":["GET"]}}],"collection":[{"href":"https:\/\/www.europesays.com\/fr\/wp-json\/wp\/v2\/posts"}],"about":[{"href":"https:\/\/www.europesays.com\/fr\/wp-json\/wp\/v2\/types\/post"}],"author":[{"embeddable":true,"href":"https:\/\/www.europesays.com\/fr\/wp-json\/wp\/v2\/users\/2"}],"replies":[{"embeddable":true,"href":"https:\/\/www.europesays.com\/fr\/wp-json\/wp\/v2\/comments?post=1159007"}],"version-history":[{"count":0,"href":"https:\/\/www.europesays.com\/fr\/wp-json\/wp\/v2\/posts\/1159007\/revisions"}],"wp:featuredmedia":[{"embeddable":true,"href":"https:\/\/www.europesays.com\/fr\/wp-json\/wp\/v2\/media\/1159008"}],"wp:attachment":[{"href":"https:\/\/www.europesays.com\/fr\/wp-json\/wp\/v2\/media?parent=1159007"}],"wp:term":[{"taxonomy":"category","embeddable":true,"href":"https:\/\/www.europesays.com\/fr\/wp-json\/wp\/v2\/categories?post=1159007"},{"taxonomy":"post_tag","embeddable":true,"href":"https:\/\/www.europesays.com\/fr\/wp-json\/wp\/v2\/tags?post=1159007"}],"curies":[{"name":"wp","href":"https:\/\/api.w.org\/{rel}","templated":true}]}}