{"id":1159017,"date":"2026-08-31T11:02:22","date_gmt":"2026-08-31T11:02:22","guid":{"rendered":"https:\/\/www.europesays.com\/fr\/1159017\/"},"modified":"2026-08-31T11:02:22","modified_gmt":"2026-08-31T11:02:22","slug":"passe-deux-fois-par-la-betclic-elite-cet-ailier-americain-decouvre-la-russie","status":"publish","type":"post","link":"https:\/\/www.europesays.com\/fr\/1159017\/","title":{"rendered":"Pass\u00e9 deux fois par la Betclic ELITE, cet ailier am\u00e9ricain d\u00e9couvre la Russie"},"content":{"rendered":"<p data-start=\"407\" data-end=\"644\"><a target=\"_blank\" rel=\"noopener nofollow\" href=\"https:\/\/www.bebasket.fr\/joueur\/jordan-tucker\">Jordan Tucker (2,00 m, 28 ans<\/a>) tient son nouveau club. L\u2019ailier am\u00e9ricain s\u2019est engag\u00e9 avec l\u2019Enisey Krasno\u00efarsk pour la saison 2026-2027. Le club russe \u00e9volue en VTB United League.<\/p>\n<p data-start=\"407\" data-end=\"644\">\u00a0\u00bb Jordan a assez d\u2019exp\u00e9rience pour faire face aux difficult\u00e9s de jouer dans la VTB United League, et assez de talent pour am\u00e9liorer encore son jeu par rapport aux saisons pr\u00e9c\u00e9dentes. Je m\u2019attends \u00e0 ce qu\u2019il cr\u00e9e de l\u2019espace pour d\u2019autres joueurs gr\u00e2ce \u00e0 ses tirs de trois points et donne un pouvoir suppl\u00e9mentaire pour prot\u00e9ger. \u00a0\u00bb explique son entra\u00eeneur Jovica Arsic sur<a target=\"_blank\" rel=\"noopener nofollow\" href=\"https:\/\/basket-enisey.ru\/news\/?id=6104\"> le site officiel du club<\/a>.<\/p>\n<blockquote class=\"instagram-media\" data-instgrm-permalink=\"https:\/\/www.instagram.com\/p\/DciWgOUoNKZ\/?utm_source=ig_embed&amp;utm_campaign=loading\" data-instgrm-version=\"14\" style=\"background:#FFF;border:0;border-radius:3px;box-shadow:0 0 1px 0 rgba(0,0,0,0.5),0 1px 10px 0 rgba(0,0,0,0.15);margin:1px auto;max-width:540px;min-width:326px;padding:0;width:calc(100% - 2px)\"\/>\n<p data-start=\"646\" data-end=\"1070\">Ce championnat sera une d\u00e9couverte pour le natif de White Plains qui dispose \u00e9galement d\u2019un passeport maltais. Au cours de son parcours professionnel, Tucker compte des exp\u00e9riences en Mac\u00e9doine du Nord, en Bulgarie, en Lituanie, en Gr\u00e8ce, en France ainsi qu\u2019en G-League. Apr\u00e8s un passage \u00e0 Duke, il avait termin\u00e9 son cursus universitaire \u00e0 Butler en 2020.<\/p>\n<p><strong data-start=\"1075\" data-end=\"1128\">Deux passages en Betclic ELITE \u00e0 Roanne et Chalon<\/strong><\/p>\n<p data-start=\"1130\" data-end=\"1587\">Le public fran\u00e7ais conna\u00eet bien Jordan Tucker. La Chorale de Roanne l\u2019avait <a target=\"_blank\" rel=\"noopener nofollow\" href=\"https:\/\/www.bebasket.fr\/jordan-tucker-roanne-apres-les-chemins-de-traverse\">recrut\u00e9<\/a> durant l\u2019\u00e9t\u00e9 2023 apr\u00e8s une saison europ\u00e9enne partag\u00e9e entre les Feniks 2010 en Mac\u00e9doine du Nord et Chernomorets Burgas en Bulgarie. Sous le maillot roannais, il avait compil\u00e9 10,8 points \u00e0 40,9% aux tirs, 2,5 rebonds et 0,9 passe d\u00e9cisive en Betclic ELITE avant que les deux parties<a target=\"_blank\" rel=\"noopener nofollow\" href=\"https:\/\/www.bebasket.fr\/jordan-tucker-roanne-terminee\"> ne mettent fin \u00e0 leur collaboration en avril 2024<\/a>.<\/p>\n<p data-start=\"1589\" data-end=\"2000\">Tucker est ensuite revenu en France \u00e0 l\u2019automne 2025. L\u2019\u00c9lan Chalon l\u2019avait engag\u00e9 comme<a target=\"_blank\" rel=\"noopener nofollow\" href=\"https:\/\/www.bebasket.fr\/chalon-engage-un-ancien-joueur-de-roanne\"> pigiste m\u00e9dical<\/a> pour faire face \u00e0 plusieurs absences dans son effectif. En huit rencontres de Betclic ELITE, il avait affich\u00e9 9,6 points et 2,8 rebonds de moyenne. Il avait \u00e9galement particip\u00e9 \u00e0 quatre rencontres europ\u00e9ennes avec Chalon, pour 11,5 points et 2,5 rebonds en moyenne.<\/p>\n<p><strong data-start=\"2005\" data-end=\"2047\">Une saison 2025-2026 termin\u00e9e en Gr\u00e8ce<\/strong><\/p>\n<p data-start=\"2049\" data-end=\"2375\">Apr\u00e8s Chalon, Jordan Tucker avait poursuivi son exercice 2025-2026 \u00e0 l\u2019\u00e9tranger \u00e0 Promitheas Patras. Avec le club grec, il a disput\u00e9 dix rencontres de championnat pour 12 points et 3 rebonds de moyenne.<\/p>\n<p data-start=\"2377\" data-end=\"2550\">\u00c0 28 ans, l\u2019ancien Choralien et Chalonnais entamera ainsi sa septi\u00e8me saison professionnelle sous les couleurs de l\u2019Enisey Krasno\u00efarsk.<\/p>\n<p>LIRE AUSSI<\/p>\n<p><a href=\"https:\/\/www.bebasket.fr\/apres-son-depart-de-chalon-jordan-tucker-sengage-avec-le-club-quil-vient-deliminer-avec-lelan\" rel=\"nofollow noopener\" target=\"_blank\"> <img decoding=\"async\" src=\"https:\/\/www.europesays.com\/fr\/wp-content\/uploads\/2026\/08\/jordan-tucker-fiba-1f0f3b2b-3b0d-6b4a-82b3-757beab89351.jpeg\" alt=\"\"\/> <\/a><\/p>\n<p><script async src=\"\/\/www.instagram.com\/embed.js\"><\/script><\/p>\n","protected":false},"excerpt":{"rendered":"Jordan Tucker (2,00 m, 28 ans) tient son nouveau club. L\u2019ailier am\u00e9ricain s\u2019est engag\u00e9 avec l\u2019Enisey Krasno\u00efarsk pour&hellip;\n","protected":false},"author":2,"featured_media":1159018,"comment_status":"","ping_status":"","sticky":false,"template":"","format":"standard","meta":{"footnotes":"","_share_on_mastodon":"0"},"categories":[1591],"tags":[11,1887,12,1885,1886,132],"class_list":["post-1159017","post","type-post","status-publish","format-standard","has-post-thumbnail","category-russie","tag-actualites","tag-federation-de-russie","tag-news","tag-russia","tag-russian-federation","tag-russie"],"share_on_mastodon":{"url":"https:\/\/pubeurope.com\/@fr\/117189789644039538","error":""},"_links":{"self":[{"href":"https:\/\/www.europesays.com\/fr\/wp-json\/wp\/v2\/posts\/1159017","targetHints":{"allow":["GET"]}}],"collection":[{"href":"https:\/\/www.europesays.com\/fr\/wp-json\/wp\/v2\/posts"}],"about":[{"href":"https:\/\/www.europesays.com\/fr\/wp-json\/wp\/v2\/types\/post"}],"author":[{"embeddable":true,"href":"https:\/\/www.europesays.com\/fr\/wp-json\/wp\/v2\/users\/2"}],"replies":[{"embeddable":true,"href":"https:\/\/www.europesays.com\/fr\/wp-json\/wp\/v2\/comments?post=1159017"}],"version-history":[{"count":0,"href":"https:\/\/www.europesays.com\/fr\/wp-json\/wp\/v2\/posts\/1159017\/revisions"}],"wp:featuredmedia":[{"embeddable":true,"href":"https:\/\/www.europesays.com\/fr\/wp-json\/wp\/v2\/media\/1159018"}],"wp:attachment":[{"href":"https:\/\/www.europesays.com\/fr\/wp-json\/wp\/v2\/media?parent=1159017"}],"wp:term":[{"taxonomy":"category","embeddable":true,"href":"https:\/\/www.europesays.com\/fr\/wp-json\/wp\/v2\/categories?post=1159017"},{"taxonomy":"post_tag","embeddable":true,"href":"https:\/\/www.europesays.com\/fr\/wp-json\/wp\/v2\/tags?post=1159017"}],"curies":[{"name":"wp","href":"https:\/\/api.w.org\/{rel}","templated":true}]}}