{"id":1159022,"date":"2026-08-31T11:05:20","date_gmt":"2026-08-31T11:05:20","guid":{"rendered":"https:\/\/www.europesays.com\/fr\/1159022\/"},"modified":"2026-08-31T11:05:20","modified_gmt":"2026-08-31T11:05:20","slug":"traversees-en-ferry-royaume-uni-irlande-nouvelles-regles-de-passeport-des-septembre","status":"publish","type":"post","link":"https:\/\/www.europesays.com\/fr\/1159022\/","title":{"rendered":"Travers\u00e9es en ferry Royaume-Uni-Irlande: nouvelles r\u00e8gles de passeport d\u00e8s septembre"},"content":{"rendered":"<p class=\"mb-4 text-lg md:leading-8 break-words\">Vous pr\u00e9voyez de prendre le ferry entre la Grande-Bretagne et l&rsquo;Irlande ? Mieux vaut v\u00e9rifier votre passeport avant de vous rendre au port.<\/p>\n<p class=\"mb-4 text-lg md:leading-8 break-words\">\u00c0 partir du 28 septembre 2026, les passagers de certaines liaisons en <a data-ylk=\"slk:ferry;elm:context_link;itc:0;sec:content-canvas;\" data-yga=\"{&quot;yLinkElement&quot;:&quot;link&quot;,&quot;yLinkElementType&quot;:&quot;article_link&quot;}\" href=\"https:\/\/fr.euronews.com\/2024\/03\/26\/peur-de-lavion-ces-destinations-sont-accessibles-en-ferry-depuis-leurope\" rel=\"noopener noreferrer nofollow\" target=\"_blank\">ferry<\/a> devront pr\u00e9senter un passeport en cours de validit\u00e9 avant l&#8217;embarquement, alignant ainsi les voyages en ferry sur les exigences de plus en plus strictes d\u00e9j\u00e0 appliqu\u00e9es par les compagnies a\u00e9riennes.<\/p>\n<p class=\"mb-4 text-lg md:leading-8 break-words\">La UK Border Force, ainsi que les op\u00e9rateurs de ferry Stena Line et Irish Ferries, ont inform\u00e9 les passagers de ces changements, expliquant que ces r\u00e8gles sont mises en place afin de garantir \u00ab\u00a0l&rsquo;exactitude et l&rsquo;int\u00e9grit\u00e9 des donn\u00e9es passagers avant l&#8217;embarquement\u00a0\u00bb.<\/p>\n<p class=\"mb-4 text-lg md:leading-8 break-words\">\u00c0 l&rsquo;heure actuelle, les voyageurs entre les deux pays ne sont pas syst\u00e9matiquement tenus de pr\u00e9senter un passeport et peuvent souvent se contenter d&rsquo;un autre document d&rsquo;identit\u00e9 avec photo.<\/p>\n<p class=\"mb-4 text-lg md:leading-8 break-words\">D\u00e9sormais, Stena Line, qui exploite les liaisons Holyhead-Dublin et Fishguard-Rosslare, indique que tous les passagers devront pr\u00e9senter un passeport \u00e0 partir de la fin du mois prochain.<\/p>\n<p class=\"mb-4 text-lg md:leading-8 break-words\">Dans un communiqu\u00e9, la compagnie de ferry a pr\u00e9cis\u00e9 : \u00ab\u00a0Les clients disposant d\u00e9j\u00e0 d&rsquo;une r\u00e9servation sont actuellement contact\u00e9s par notre service client\u00e8le afin de garantir qu&rsquo;ils b\u00e9n\u00e9ficient d&rsquo;un accompagnement complet pendant ce changement dans nos op\u00e9rations.\u00a0\u00bb<\/p>\n<p class=\"mb-4 text-lg md:leading-8 break-words\">\u00c0 ce stade, les travers\u00e9es Stena Line via Belfast, Liverpool, Cairnryan ou Heysham peuvent encore \u00eatre effectu\u00e9es sans passeport.<\/p>\n<p class=\"mb-4 text-lg md:leading-8 break-words\">Irish Ferries exigera toutefois des passagers qu&rsquo;ils soient munis d&rsquo;un passeport en cours de validit\u00e9 sur toutes les liaisons entre la R\u00e9publique d&rsquo;<a data-ylk=\"slk:Irlande;elm:context_link;itc:0;sec:content-canvas;\" data-yga=\"{&quot;yLinkElement&quot;:&quot;link&quot;,&quot;yLinkElementType&quot;:&quot;article_link&quot;}\" href=\"https:\/\/fr.euronews.com\/2026\/07\/15\/voyage-en-irlande-les-attractions-touristiques-les-mieux-notees-a-decouvrir\" rel=\"noopener noreferrer nofollow\" target=\"_blank\">Irlande<\/a> et la Grande-Bretagne. Il n&rsquo;existe actuellement aucun contr\u00f4le de passeport entre la R\u00e9publique et l&rsquo;Irlande du Nord.<\/p>\n<p class=\"mb-4 text-lg md:leading-8 break-words\">En r\u00e9alit\u00e9, les citoyens irlandais et britanniques n&rsquo;ont pas, l\u00e9galement, besoin de passeport pour voyager entre les deux pays gr\u00e2ce \u00e0 l&rsquo;accord de zone de libre circulation Common Travel Area, en vigueur depuis plus d&rsquo;un si\u00e8cle et qui s&rsquo;applique au Royaume-Uni, \u00e0 l&rsquo;Irlande, \u00e0 l&rsquo;\u00eele de Man et aux <a data-ylk=\"slk:\u00eeles Anglo-Normandes;elm:context_link;itc:0;sec:content-canvas;\" data-yga=\"{&quot;yLinkElement&quot;:&quot;link&quot;,&quot;yLinkElementType&quot;:&quot;article_link&quot;}\" href=\"https:\/\/fr.euronews.com\/2026\/04\/24\/cet-ete-de-nouvelles-liaisons-aeriennes-a-travers-leurope\" rel=\"noopener noreferrer nofollow\" target=\"_blank\">\u00eeles Anglo-Normandes<\/a>. Cette nouvelle mesure pour les ferries intervient toutefois apr\u00e8s l&rsquo;instauration d&rsquo;exigences similaires par les compagnies a\u00e9riennes.<\/p>\n<p class=\"mb-4 text-lg md:leading-8 break-words\">En f\u00e9vrier, Aer Lingus a rejoint Ryanair en appliquant la r\u00e8gle selon laquelle les passagers voyageant entre la Grande-Bretagne et l&rsquo;Irlande doivent \u00eatre munis d&rsquo;un passeport.<\/p>\n<p class=\"mb-4 text-lg md:leading-8 break-words\">Ce texte a \u00e9t\u00e9 traduit avec l&rsquo;aide de l&rsquo;intelligence artificielle. Signaler un probl\u00e8me : [feedback-articles-fr@euronews.com].<\/p>\n","protected":false},"excerpt":{"rendered":"Vous pr\u00e9voyez de prendre le ferry entre la Grande-Bretagne et l&rsquo;Irlande ? Mieux vaut v\u00e9rifier votre passeport avant&hellip;\n","protected":false},"author":2,"featured_media":1159023,"comment_status":"","ping_status":"","sticky":false,"template":"","format":"standard","meta":{"footnotes":"","_share_on_mastodon":"0"},"categories":[1588],"tags":[11,119032,119030,119033,1777,674,119034,12,78827,473,1853,119031,1851,1850,1852,119036,119035],"class_list":["post-1159022","post","type-post","status-publish","format-standard","has-post-thumbnail","category-royaume-uni","tag-actualites","tag-devront-presenter-un","tag-entre-la-grande-bretagne-et-lirlande","tag-entre-les-deux-pays-ne-sont","tag-eu","tag-europe","tag-irish-ferries","tag-news","tag-quils","tag-royaume-uni","tag-royaume-uni-de-grande-bretagne-et-dirlande-du-nord","tag-stena-line","tag-uk","tag-united-kingdom","tag-united-kingdom-of-great-britain-and-northern-ireland","tag-validite-sur-toutes-les","tag-vous-prevoyez-de-prendre-le"],"share_on_mastodon":{"url":"https:\/\/pubeurope.com\/@fr\/117189799450473082","error":""},"_links":{"self":[{"href":"https:\/\/www.europesays.com\/fr\/wp-json\/wp\/v2\/posts\/1159022","targetHints":{"allow":["GET"]}}],"collection":[{"href":"https:\/\/www.europesays.com\/fr\/wp-json\/wp\/v2\/posts"}],"about":[{"href":"https:\/\/www.europesays.com\/fr\/wp-json\/wp\/v2\/types\/post"}],"author":[{"embeddable":true,"href":"https:\/\/www.europesays.com\/fr\/wp-json\/wp\/v2\/users\/2"}],"replies":[{"embeddable":true,"href":"https:\/\/www.europesays.com\/fr\/wp-json\/wp\/v2\/comments?post=1159022"}],"version-history":[{"count":0,"href":"https:\/\/www.europesays.com\/fr\/wp-json\/wp\/v2\/posts\/1159022\/revisions"}],"wp:featuredmedia":[{"embeddable":true,"href":"https:\/\/www.europesays.com\/fr\/wp-json\/wp\/v2\/media\/1159023"}],"wp:attachment":[{"href":"https:\/\/www.europesays.com\/fr\/wp-json\/wp\/v2\/media?parent=1159022"}],"wp:term":[{"taxonomy":"category","embeddable":true,"href":"https:\/\/www.europesays.com\/fr\/wp-json\/wp\/v2\/categories?post=1159022"},{"taxonomy":"post_tag","embeddable":true,"href":"https:\/\/www.europesays.com\/fr\/wp-json\/wp\/v2\/tags?post=1159022"}],"curies":[{"name":"wp","href":"https:\/\/api.w.org\/{rel}","templated":true}]}}