{"id":1159029,"date":"2026-08-31T11:10:20","date_gmt":"2026-08-31T11:10:20","guid":{"rendered":"https:\/\/www.europesays.com\/fr\/1159029\/"},"modified":"2026-08-31T11:10:20","modified_gmt":"2026-08-31T11:10:20","slug":"paul-cebille-le-non-des-islandais-montre-que-lunion-europeenne-na-plus-grand-chose-a-offrir-a-un-pays-prospere","status":"publish","type":"post","link":"https:\/\/www.europesays.com\/fr\/1159029\/","title":{"rendered":"Paul C\u00e9bille : \u00abLe \u201cnon\u201d des Islandais montre que l\u2019Union europ\u00e9enne n\u2019a plus grand-chose \u00e0 offrir \u00e0 un pays prosp\u00e8re\u00bb"},"content":{"rendered":"<p>\n    <strong>FIGAROVOX\/TRIBUNE &#8211; <\/strong>Les Islandais ont rejet\u00e9 par r\u00e9f\u00e9rendum, ce dimanche, la reprise des n\u00e9gociations avec l\u2019Union europ\u00e9enne. Pour l\u2019analyste opinion \u00e0 l\u2019observatoire Hexagone, ce r\u00e9sultat montre que la p\u00e9riode post-Brexit et la guerre en Ukraine reposaient sur l\u2019illusion que les Europ\u00e9ennes adh\u00e9raient sans faille \u00e0 l\u2019UE.<\/p>\n<p class=\"fig-paragraph\">En r\u00e9v\u00e9lant au grand jour les failles de l\u2019Union europ\u00e9enne, jug\u00e9e incapable de garantir \u00e0 la fois la prosp\u00e9rit\u00e9 \u00e9conomique et\u00a0<a href=\"http:\/\/www.lefigaro.fr\/international\/nous-exprimons-notre-soutien-indefectible-l-ue-annonce-une-nouvelle-tranche-de-6-1-milliards-d-euros-d-aide-militaire-a-l-ukraine-20260824\" data-fig-type=\"NewsFlash\" data-gtm-custom-categorie=\"navigation\" data-gtm-custom-action=\"crossclick\" data-gtm-custom-label=\"Contextuel\" data-gtm-event=\"customEventSPE\" data-fig-domain=\"LEFIGARO\" rel=\"nofollow noopener\" target=\"_blank\">la s\u00e9curit\u00e9 militaire<\/a>, le refus des Islandais par r\u00e9f\u00e9rendum de ne serait-ce qu\u2019engager un processus d\u2019adh\u00e9sion pourrait bien avoir davantage \u00e9branl\u00e9 qu\u2019on ne l\u2019imagine les espoirs d\u2019une unit\u00e9 europ\u00e9enne.<\/p>\n<p class=\"fig-paragraph\">Cela faisait dix ans que l\u2019Union europ\u00e9enne n\u2019avait pas essuy\u00e9 un \u00e9chec aussi net devant le peuple.\u00a0<a href=\"http:\/\/www.lefigaro.fr\/vox\/monde\/il-regne-au-royaume-uni-une-impatience-democratique-qui-est-problematique-pour-la-vie-politique-du-pays-20260624\" data-fig-type=\"Article\" data-gtm-custom-categorie=\"navigation\" data-gtm-custom-action=\"crossclick\" data-gtm-custom-label=\"Contextuel\" data-gtm-event=\"customEventSPE\" data-fig-domain=\"LEFIGARO\" rel=\"nofollow noopener\" target=\"_blank\">Le vote sur la sortie du Royaume-Uni en 2016<\/a>\u00a0avait en effet r\u00e9v\u00e9l\u00e9, pour la premi\u00e8re fois, que le projet europ\u00e9en ne constituait pas une \u00e9vidence lin\u00e9aire de l\u2019Histoire, provoquant \u00e0 l\u2019\u00e9poque un \u00abeffet drapeau\u00bb europ\u00e9en, ce ph\u00e9nom\u00e8ne de court terme caract\u00e9ris\u00e9 par une hausse du soutien populaire \u00e0 une institution menac\u00e9e, mesur\u00e9 dans diff\u00e9rentes enqu\u00eates d\u2019opinion. Les Europ\u00e9ens ont pu croire que le choc remettrait l\u2019Europe sur le droit chemin, mais aucune v\u00e9ritable remise en cause n\u2019est venue.<\/p>\n<p class=\"fig-paragraph\">Les commentateurs pr\u00e9f\u00e8rent encore aujourd\u2019hui\u00a0<a href=\"http:\/\/www.lefigaro.fr\/vox\/monde\/ran-halevi-le-brexit-a-revele-et-aggrave-les-fractures-du-royaume-uni-20260622\" data-fig-type=\"Article\" data-gtm-custom-categorie=\"navigation\" data-gtm-custom-action=\"crossclick\" data-gtm-custom-label=\"Contextuel\" data-gtm-event=\"customEventSPE\" data-fig-domain=\"LEFIGARO\" rel=\"nofollow noopener\" target=\"_blank\">se focaliser sur le \u00abBregret\u00ab<\/a><\/p>\n<p class=\"fig-premium-paywall__infos\">\n        Cet article est r\u00e9serv\u00e9 aux abonn\u00e9s.        Il vous reste 85% \u00e0 d\u00e9couvrir.\n    <\/p>\n<p>                <img  data- alt=\"Le Figaro\" class=\"fig-img--complete fig-img\"\/><\/p>\n<p class=\"fig-premium-paywall__title\">Vous avez envie de lire la suite ?<\/p>\n<p class=\"fig-premium-paywall__subtitle\">D\u00e9bloquez tous les articles imm\u00e9diatement.<\/p>\n<p class=\"fig-premium-paywall__connect\">\n                D\u00e9j\u00e0 abonn\u00e9\u00a0?                <a class=\"fig-premium-paywall__connect-link\" href=\"https:\/\/connect.lefigaro.fr\/login?client=horizon_web&amp;type=main&amp;redirect_uri=https%3A%2F%2Fwww.lefigaro.fr%2Fvox%2Fmonde%2Fpaul-cebille-le-non-des-islandais-montre-que-l-union-europeenne-n-a-plus-grand-chose-a-offrir-a-un-pays-prospere-20260831\" data-js-gtm=\"{&quot;event&quot;:&quot;customEventGA4&quot;,&quot;eventName&quot;:&quot;click_action&quot;,&quot;feature&quot;:&quot;paywall&quot;,&quot;location&quot;:&quot;paywall&quot;,&quot;button_action&quot;:&quot;connect&quot;,&quot;click_text&quot;:&quot;Connectez-vous&quot;}\" rel=\"nofollow noopener\" target=\"_blank\"><br \/>\n                    Connectez-vous<br \/>\n                <\/a>\n            <\/p>\n","protected":false},"excerpt":{"rendered":"FIGAROVOX\/TRIBUNE &#8211; Les Islandais ont rejet\u00e9 par r\u00e9f\u00e9rendum, ce dimanche, la reprise des n\u00e9gociations avec l\u2019Union europ\u00e9enne. Pour&hellip;\n","protected":false},"author":2,"featured_media":1159030,"comment_status":"","ping_status":"","sticky":false,"template":"","format":"standard","meta":{"footnotes":"","_share_on_mastodon":"0"},"categories":[1586],"tags":[11,1777,674,1779,1011,27,12528,12,13921,25,1778,364],"class_list":["post-1159029","post","type-post","status-publish","format-standard","has-post-thumbnail","category-europe","tag-actualites","tag-eu","tag-europe","tag-european-union","tag-fr","tag-france","tag-islande","tag-news","tag-referendum","tag-republique-francaise","tag-ue","tag-union-europeenne"],"share_on_mastodon":{"url":"","error":""},"_links":{"self":[{"href":"https:\/\/www.europesays.com\/fr\/wp-json\/wp\/v2\/posts\/1159029","targetHints":{"allow":["GET"]}}],"collection":[{"href":"https:\/\/www.europesays.com\/fr\/wp-json\/wp\/v2\/posts"}],"about":[{"href":"https:\/\/www.europesays.com\/fr\/wp-json\/wp\/v2\/types\/post"}],"author":[{"embeddable":true,"href":"https:\/\/www.europesays.com\/fr\/wp-json\/wp\/v2\/users\/2"}],"replies":[{"embeddable":true,"href":"https:\/\/www.europesays.com\/fr\/wp-json\/wp\/v2\/comments?post=1159029"}],"version-history":[{"count":0,"href":"https:\/\/www.europesays.com\/fr\/wp-json\/wp\/v2\/posts\/1159029\/revisions"}],"wp:featuredmedia":[{"embeddable":true,"href":"https:\/\/www.europesays.com\/fr\/wp-json\/wp\/v2\/media\/1159030"}],"wp:attachment":[{"href":"https:\/\/www.europesays.com\/fr\/wp-json\/wp\/v2\/media?parent=1159029"}],"wp:term":[{"taxonomy":"category","embeddable":true,"href":"https:\/\/www.europesays.com\/fr\/wp-json\/wp\/v2\/categories?post=1159029"},{"taxonomy":"post_tag","embeddable":true,"href":"https:\/\/www.europesays.com\/fr\/wp-json\/wp\/v2\/tags?post=1159029"}],"curies":[{"name":"wp","href":"https:\/\/api.w.org\/{rel}","templated":true}]}}