{"id":115904,"date":"2025-05-21T03:45:09","date_gmt":"2025-05-21T03:45:09","guid":{"rendered":"https:\/\/www.europesays.com\/fr\/115904\/"},"modified":"2025-05-21T03:45:09","modified_gmt":"2025-05-21T03:45:09","slug":"une-politique-culturelle-tres-genereuse-avec-votre-argent-et-sous-surveillance","status":"publish","type":"post","link":"https:\/\/www.europesays.com\/fr\/115904\/","title":{"rendered":"une politique culturelle tr\u00e8s g\u00e9n\u00e9reuse (avec votre argent)&#8230;et sous surveillance"},"content":{"rendered":"<p>\u00c0 Rennes, la culture occupe une place centrale dans la strat\u00e9gie municipale. Budget en constante augmentation, subventions abondantes, soutien affirm\u00e9 \u00e0 la cr\u00e9ation et \u00e0 l\u2019acc\u00e8s \u00e0 la culture : la capitale bretonne affiche depuis des ann\u00e9es son ambition culturelle. Pourtant, derri\u00e8re cette vitrine valorisante,<a href=\"https:\/\/www.ccomptes.fr\/fr\/publications\/commune-de-rennes-ille-et-vilaine-cahier-politique-culturelle\" target=\"_blank\" rel=\"noopener\"> le rapport 2025 de la Chambre r\u00e9gionale des comptes<\/a> (CRC) sur la politique culturelle rennaise r\u00e9v\u00e8le de nombreuses failles de gouvernance, d\u2019efficacit\u00e9 et de suivi.<\/p>\n<p>Un budget tr\u00e8s soutenu\u2026 mais mal pilot\u00e9<\/p>\n<p>Premier constat : la ville de Rennes consacre \u00e0 la culture un effort budg\u00e9taire bien sup\u00e9rieur \u00e0 celui de nombreuses autres collectivit\u00e9s comparables. Entre 2017 et 2022, ce sont plus de 260 millions d\u2019euros qui ont \u00e9t\u00e9 investis dans ce domaine, soit pr\u00e8s de 20 % du budget global. Une g\u00e9n\u00e9rosit\u00e9 salu\u00e9e, mais qui appelle une exigence de rigueur.<\/p>\n<p>Or, selon la CRC, cette rigueur fait d\u00e9faut. La municipalit\u00e9 peine \u00e0 d\u00e9finir des objectifs clairs, mesurables, et \u00e0 \u00e9valuer de mani\u00e8re pr\u00e9cise l\u2019impact de ses actions. Le pilotage strat\u00e9gique repose trop souvent sur des logiques d\u2019opportunit\u00e9 ou de reconduction automatique des aides, sans \u00e9valuation r\u00e9guli\u00e8re de leur pertinence.<\/p>\n<p>Des subventions massives, parfois peu transparentes<\/p>\n<p>L\u2019autre point sensible du rapport r\u00e9side dans le syst\u00e8me de subventions, v\u00e9ritable c\u0153ur de la politique culturelle rennaise. Plus de 70 % des cr\u00e9dits culturels sont affect\u00e9s au soutien d\u2019acteurs associatifs, d\u2019\u00e9quipements culturels ou d\u2019\u00e9v\u00e9nements.<\/p>\n<p>La CRC pointe une grande h\u00e9t\u00e9rog\u00e9n\u00e9it\u00e9 dans l\u2019attribution des aides : absence de crit\u00e8res uniformes, proc\u00e9dures incompl\u00e8tes, contr\u00f4les lacunaires. Certains op\u00e9rateurs b\u00e9n\u00e9ficient de subventions tr\u00e8s importantes depuis des ann\u00e9es, sans r\u00e9elle remise en question ni audit d\u2019impact. Le financement public de certains grands festivals ou structures culturelles \u00e9chappe ainsi \u00e0 une logique de performance et de r\u00e9sultat.<\/p>\n<p>Une politique d\u2019acc\u00e8s \u00e0 la culture peu \u00e9valu\u00e9e<\/p>\n<p>Si la ville met en avant une politique volontariste d\u2019acc\u00e8s \u00e0 la culture pour tous \u2013 notamment via la gratuit\u00e9 ou les projets dans les quartiers prioritaires \u2013 la CRC regrette l\u2019absence d\u2019indicateurs de suivi. Qui b\u00e9n\u00e9ficie r\u00e9ellement de ces dispositifs ? Les publics \u00e9loign\u00e9s sont-ils mieux touch\u00e9s ? Ces questions restent sans r\u00e9ponse faute d\u2019outils d\u2019\u00e9valuation cr\u00e9dibles.<\/p>\n<p>L\u2019objectif d\u2019\u00e9galit\u00e9 d\u2019acc\u00e8s, louable en soi, semble donc plus affich\u00e9 que r\u00e9ellement mesur\u00e9. Une lacune qui pourrait \u00e0 terme fragiliser la l\u00e9gitimit\u00e9 des d\u00e9penses engag\u00e9es.<\/p>\n<p>Les grands \u00e9quipements sous tension<\/p>\n<p>La gestion des \u00e9quipements culturels embl\u00e9matiques de la ville n\u2019\u00e9chappe pas non plus \u00e0 la critique. L\u2019Op\u00e9ra, le Th\u00e9\u00e2tre National de Bretagne, les Champs Libres ou les salles de concert fonctionnent avec des mod\u00e8les \u00e9conomiques fortement d\u00e9pendants de l\u2019argent public. Or, la CRC rel\u00e8ve des fragilit\u00e9s dans leur gouvernance, leurs pr\u00e9visions budg\u00e9taires, ou encore leur articulation avec les autres politiques municipales.<\/p>\n<p>L\u00e0 encore, le rapport plaide pour une clarification des objectifs, un meilleur suivi des contrats de gestion, et une responsabilisation accrue des partenaires.<\/p>\n<p>Sans remettre en cause l\u2019importance de la culture pour la ville de Rennes, la Chambre r\u00e9gionale des comptes appelle \u00e0 une profonde remise \u00e0 plat des m\u00e9thodes. Plus de pilotage, plus d\u2019\u00e9valuation, plus de transparence : tels sont les mots d\u2019ordre pour que l\u2019ambition culturelle de Rennes ne se transforme pas en machine budg\u00e9tivore peu lisible.<\/p>\n<p>Un message qui r\u00e9sonne d\u2019autant plus dans un contexte de sobri\u00e9t\u00e9 financi\u00e8re impos\u00e9e aux collectivit\u00e9s. Il ne s\u2019agit pas de d\u00e9penser moins, mais de d\u00e9penser mieux.<\/p>\n<p>Cr\u00e9dit photo : DR<br \/>[cc] Breizh-info.com, 2025, d\u00e9p\u00eaches libres de copie et de diffusion sous r\u00e9serve de mention et de lien vers la source d\u2019origine<\/p>\n","protected":false},"excerpt":{"rendered":"\u00c0 Rennes, la culture occupe une place centrale dans la strat\u00e9gie municipale. Budget en constante augmentation, subventions abondantes,&hellip;\n","protected":false},"author":2,"featured_media":115905,"comment_status":"","ping_status":"","sticky":false,"template":"","format":"standard","meta":{"footnotes":""},"categories":[2821],"tags":[1111,11,829,23620,23621,10495,23622,1777,674,23623,1011,27,23624,12,7393,23625,584,25,10522,23626],"class_list":{"0":"post-115904","1":"post","2":"type-post","3":"status-publish","4":"format-standard","5":"has-post-thumbnail","7":"category-rennes","8":"tag-actu","9":"tag-actualites","10":"tag-bretagne","11":"tag-budget-rennes","12":"tag-champs-libres","13":"tag-collectivites-territoriales","14":"tag-culture-en-bretagne","15":"tag-eu","16":"tag-europe","17":"tag-financement-culture","18":"tag-fr","19":"tag-france","20":"tag-gestion-municipale","21":"tag-news","22":"tag-politique-culturelle","23":"tag-rapport-crc","24":"tag-rennes","25":"tag-republique-francaise","26":"tag-subventions","27":"tag-theatre-national-de-bretagne"},"share_on_mastodon":{"url":"https:\/\/pubeurope.com\/@fr\/114543769904159550","error":""},"_links":{"self":[{"href":"https:\/\/www.europesays.com\/fr\/wp-json\/wp\/v2\/posts\/115904","targetHints":{"allow":["GET"]}}],"collection":[{"href":"https:\/\/www.europesays.com\/fr\/wp-json\/wp\/v2\/posts"}],"about":[{"href":"https:\/\/www.europesays.com\/fr\/wp-json\/wp\/v2\/types\/post"}],"author":[{"embeddable":true,"href":"https:\/\/www.europesays.com\/fr\/wp-json\/wp\/v2\/users\/2"}],"replies":[{"embeddable":true,"href":"https:\/\/www.europesays.com\/fr\/wp-json\/wp\/v2\/comments?post=115904"}],"version-history":[{"count":0,"href":"https:\/\/www.europesays.com\/fr\/wp-json\/wp\/v2\/posts\/115904\/revisions"}],"wp:featuredmedia":[{"embeddable":true,"href":"https:\/\/www.europesays.com\/fr\/wp-json\/wp\/v2\/media\/115905"}],"wp:attachment":[{"href":"https:\/\/www.europesays.com\/fr\/wp-json\/wp\/v2\/media?parent=115904"}],"wp:term":[{"taxonomy":"category","embeddable":true,"href":"https:\/\/www.europesays.com\/fr\/wp-json\/wp\/v2\/categories?post=115904"},{"taxonomy":"post_tag","embeddable":true,"href":"https:\/\/www.europesays.com\/fr\/wp-json\/wp\/v2\/tags?post=115904"}],"curies":[{"name":"wp","href":"https:\/\/api.w.org\/{rel}","templated":true}]}}