{"id":1159046,"date":"2026-08-31T11:26:29","date_gmt":"2026-08-31T11:26:29","guid":{"rendered":"https:\/\/www.europesays.com\/fr\/1159046\/"},"modified":"2026-08-31T11:26:29","modified_gmt":"2026-08-31T11:26:29","slug":"a-auray-latelier-quartiers-dorange-propose-des-cours-de-creation-artistiques","status":"publish","type":"post","link":"https:\/\/www.europesays.com\/fr\/1159046\/","title":{"rendered":"\u00c0 Auray, l\u2019atelier \u00ab\u00a0Quartiers d\u2019Orange\u00a0\u00bb propose des cours de cr\u00e9ation artistiques"},"content":{"rendered":"<p>La rentr\u00e9e c\u2019est pour bient\u00f4t, y compris pour le lieu d\u2019initiation et de cr\u00e9ation artistique Quartiers d\u2019orange, rue Clemenceau, \u00e0 Auray, qui s\u2019appr\u00eate \u00e0 d\u00e9marrer une quatri\u00e8me saison et organise deux journ\u00e9es portes ouvertes. Deux enseignantes interviendront aupr\u00e8s de deux publics distincts.<\/p>\n<p>Les adultes (\u00e0 partir de 16 ans), seront pris en charge par Myriam Le Fol, artiste peintre et p\u00e9dagogue Martenot. Elle propose \u00ab\u00a0un apprentissage du langage pictural par des exercices ludiques et simples\u00a0\u00bb, \u00ab\u00a0une d\u00e9couverte progressive de la composition, du travail des couleurs, des valeurs, mais aussi de la gestualit\u00e9\u00a0\u00bb. Enfin, les cours sont \u00ab\u00a0structur\u00e9s et \u00e9volutifs\u00a0\u00bb, avec une approche de toutes les mati\u00e8res\u00a0: peinture, dessin, encre, fusain, pastel\u2026 Ouverts aux d\u00e9butants, \u00ab\u00a0ils permettent de d\u00e9velopper l\u2019expressivit\u00e9 et le l\u00e2cher prise\u00a0\u00bb. S\u00e9ances de trois heures le lundi et le mardi, plus un samedi par mois.<\/p>\n<p>Un atelier parents-enfants en projet<\/p>\n<p>Les enfants de 4 \u00e0 16 ans, r\u00e9partis en trois groupes d\u2019\u00e2ge, seront pris en charge par C\u00e9line Storchi, artiste franco-n\u00e9erlandaise install\u00e9e tout r\u00e9cemment \u00e0 Auray. Elle a travaill\u00e9 pendant vingt ans dans le domaine des \u00e9coles, des cr\u00e8ches et de l\u2019\u00e9ducation artistique aux Pays-Bas. Plus que simple enseignante, elle se d\u00e9finit comme une \u00ab\u00a0coach pour enfants\u00a0\u00bb\u00a0: \u00ab\u00a0Au-del\u00e0 de l\u2019initiation aux diff\u00e9rentes techniques et mat\u00e9riaux, mon enseignement vise \u00e0 d\u00e9velopper les potentialit\u00e9s des \u00e9l\u00e8ves, mais aussi le sens critique et la confiance en soi\u00a0\u00bb.<\/p>\n<p>Les s\u00e9ances hebdomadaires auront lieu le mercredi, mais C\u00e9line envisage d\u2019ouvrir un atelier parents-enfants un samedi par mois.<\/p>\n<p>Le jeudi ou le vendredi au choix, les adh\u00e9rents pourront \u00e9galement participer \u00e0 des ateliers d\u2019expression libre, sans enseignant\u00a0: \u00ab\u00a0C\u2019est important de disposer d\u2019un lieu pour peindre, en dehors de chez soi, et de b\u00e9n\u00e9ficier des conseils et du partage d\u2019exp\u00e9rience d\u2019autres pratiquants\u00a0\u00bb, souligne Myriam.<\/p>\n<p>Tous les cours d\u00e9marreront la semaine du 14 septembre.<\/p>\n<p><b>Pratique<\/b><\/p>\n<p class=\"note\">Portes ouvertes vendredi 4 et samedi 5 septembre de 10\u00a0h \u00e0 18\u00a0h. Atelier Quartiers d\u2019orange, 59 rue Georges-Clemenceau, Auray. Contacts\u00a0: T\u00e9l. 06\u00a032\u00a047\u00a025\u00a048 (C\u00e9line Storchi) et t\u00e9l. 06\u00a076\u00a010\u00a009\u00a044 (Myriam Le Fol).<\/p>\n","protected":false},"excerpt":{"rendered":"La rentr\u00e9e c\u2019est pour bient\u00f4t, y compris pour le lieu d\u2019initiation et de cr\u00e9ation artistique Quartiers d\u2019orange, rue&hellip;\n","protected":false},"author":2,"featured_media":1159047,"comment_status":"","ping_status":"","sticky":false,"template":"","format":"standard","meta":{"footnotes":"","_share_on_mastodon":"0"},"categories":[1358],"tags":[1348,1384,1385,7507,1386,58,59,1011,27],"class_list":["post-1159046","post","type-post","status-publish","format-standard","has-post-thumbnail","category-arts-et-design","tag-arts","tag-arts-and-design","tag-arts-et-design","tag-auray","tag-design","tag-divertissement","tag-entertainment","tag-fr","tag-france"],"share_on_mastodon":{"url":"https:\/\/pubeurope.com\/@fr\/117189881665918936","error":""},"_links":{"self":[{"href":"https:\/\/www.europesays.com\/fr\/wp-json\/wp\/v2\/posts\/1159046","targetHints":{"allow":["GET"]}}],"collection":[{"href":"https:\/\/www.europesays.com\/fr\/wp-json\/wp\/v2\/posts"}],"about":[{"href":"https:\/\/www.europesays.com\/fr\/wp-json\/wp\/v2\/types\/post"}],"author":[{"embeddable":true,"href":"https:\/\/www.europesays.com\/fr\/wp-json\/wp\/v2\/users\/2"}],"replies":[{"embeddable":true,"href":"https:\/\/www.europesays.com\/fr\/wp-json\/wp\/v2\/comments?post=1159046"}],"version-history":[{"count":0,"href":"https:\/\/www.europesays.com\/fr\/wp-json\/wp\/v2\/posts\/1159046\/revisions"}],"wp:featuredmedia":[{"embeddable":true,"href":"https:\/\/www.europesays.com\/fr\/wp-json\/wp\/v2\/media\/1159047"}],"wp:attachment":[{"href":"https:\/\/www.europesays.com\/fr\/wp-json\/wp\/v2\/media?parent=1159046"}],"wp:term":[{"taxonomy":"category","embeddable":true,"href":"https:\/\/www.europesays.com\/fr\/wp-json\/wp\/v2\/categories?post=1159046"},{"taxonomy":"post_tag","embeddable":true,"href":"https:\/\/www.europesays.com\/fr\/wp-json\/wp\/v2\/tags?post=1159046"}],"curies":[{"name":"wp","href":"https:\/\/api.w.org\/{rel}","templated":true}]}}