{"id":115906,"date":"2025-05-21T03:46:14","date_gmt":"2025-05-21T03:46:14","guid":{"rendered":"https:\/\/www.europesays.com\/fr\/115906\/"},"modified":"2025-05-21T03:46:14","modified_gmt":"2025-05-21T03:46:14","slug":"les-facteurs-roulent-pour-la-mobilite-douce","status":"publish","type":"post","link":"https:\/\/www.europesays.com\/fr\/115906\/","title":{"rendered":"les facteurs roulent pour la mobilit\u00e9 douce"},"content":{"rendered":"<p>\u00c0 l\u2019occasion de l\u2019op\u00e9ration nationale \u00ab Mai \u00e0 v\u00e9lo \u00bb, une douzaine de facteurs et factrices de la Poste ont d\u00e9cid\u00e9 de relier Paris \u00e0 Strasbourg en cinq jours au guidon de leurs v\u00e9los professionnels. L\u2019\u00e9quip\u00e9e, qui s\u2019est \u00e9lanc\u00e9e le 19 mai, doit rejoindre Strasbourg le 23 mai. Ils sont attendus place Broglie, vers 14 h 30 ce vendredi. Ils circuleront sur les v\u00e9los jaunes \u00e0 assistance \u00e9lectrique habituellement utilis\u00e9s pour faire les tourn\u00e9es.<\/p>\n<p>\u00ab L\u2019id\u00e9e de ce Paris Strasbourg est de montrer que le v\u00e9lo est un outil de mobilit\u00e9 au quotidien. Ce voyage est organis\u00e9 en partenariat avec la F\u00e9d\u00e9ration des usag\u00e8res et des usagers de la bicyclette (FUB). Nous voulons sensibiliser les habitants au partage de la route et encourager les conditions de circulation plus s\u00fbre pour les v\u00e9los \u00bb, d\u00e9clarent les organisateurs.<\/p>\n<p>Chaque jour 3,5 tours de la Terre !<\/p>\n<p>\u00ab Ce sont les m\u00eames v\u00e9los \u00e0 assistance \u00e9lectrique que les habitants voient dans les rues, ajoute la communication du groupe. Nos facteurs parcourent quotidiennement 144 000 km \u00e0 v\u00e9lo \u00e0 travers la France, soit 3,5 tours de la Terre ! \u00bb<\/p>\n<p>Au cours d&rsquo;une \u00e9tape \u00e0 Metz, ce mercredi, des animations sont pr\u00e9vues au centre ville, dont un atelier d\u2019auto-r\u00e9paration de v\u00e9lo.<\/p>\n","protected":false},"excerpt":{"rendered":"\u00c0 l\u2019occasion de l\u2019op\u00e9ration nationale \u00ab Mai \u00e0 v\u00e9lo \u00bb, une douzaine de facteurs et factrices de la&hellip;\n","protected":false},"author":2,"featured_media":115907,"comment_status":"","ping_status":"","sticky":false,"template":"","format":"standard","meta":{"footnotes":""},"categories":[2820],"tags":[1111,11,2389,2880,1777,674,107,1011,27,775,1757,12,25,640,2879],"class_list":{"0":"post-115906","1":"post","2":"type-post","3":"status-publish","4":"format-standard","5":"has-post-thumbnail","7":"category-strasbourg","8":"tag-actu","9":"tag-actualites","10":"tag-alsace","11":"tag-edition-strasbourg","12":"tag-eu","13":"tag-europe","14":"tag-fil-info","15":"tag-fr","16":"tag-france","17":"tag-grand-est","18":"tag-insolite","19":"tag-news","20":"tag-republique-francaise","21":"tag-strasbourg","22":"tag-strasbourg-ville"},"share_on_mastodon":{"url":"https:\/\/pubeurope.com\/@fr\/114543773848165928","error":""},"_links":{"self":[{"href":"https:\/\/www.europesays.com\/fr\/wp-json\/wp\/v2\/posts\/115906","targetHints":{"allow":["GET"]}}],"collection":[{"href":"https:\/\/www.europesays.com\/fr\/wp-json\/wp\/v2\/posts"}],"about":[{"href":"https:\/\/www.europesays.com\/fr\/wp-json\/wp\/v2\/types\/post"}],"author":[{"embeddable":true,"href":"https:\/\/www.europesays.com\/fr\/wp-json\/wp\/v2\/users\/2"}],"replies":[{"embeddable":true,"href":"https:\/\/www.europesays.com\/fr\/wp-json\/wp\/v2\/comments?post=115906"}],"version-history":[{"count":0,"href":"https:\/\/www.europesays.com\/fr\/wp-json\/wp\/v2\/posts\/115906\/revisions"}],"wp:featuredmedia":[{"embeddable":true,"href":"https:\/\/www.europesays.com\/fr\/wp-json\/wp\/v2\/media\/115907"}],"wp:attachment":[{"href":"https:\/\/www.europesays.com\/fr\/wp-json\/wp\/v2\/media?parent=115906"}],"wp:term":[{"taxonomy":"category","embeddable":true,"href":"https:\/\/www.europesays.com\/fr\/wp-json\/wp\/v2\/categories?post=115906"},{"taxonomy":"post_tag","embeddable":true,"href":"https:\/\/www.europesays.com\/fr\/wp-json\/wp\/v2\/tags?post=115906"}],"curies":[{"name":"wp","href":"https:\/\/api.w.org\/{rel}","templated":true}]}}