{"id":1159062,"date":"2026-08-31T11:37:28","date_gmt":"2026-08-31T11:37:28","guid":{"rendered":"https:\/\/www.europesays.com\/fr\/1159062\/"},"modified":"2026-08-31T11:37:28","modified_gmt":"2026-08-31T11:37:28","slug":"une-ancienne-ministre-prend-la-direction-des-ressources-humaines-daxa-31-08-2026-a-1200","status":"publish","type":"post","link":"https:\/\/www.europesays.com\/fr\/1159062\/","title":{"rendered":"Une ancienne ministre prend la direction des ressources humaines d&rsquo;AXA &#8211; 31\/08\/2026 \u00e0 12:00"},"content":{"rendered":"<p>\n <a href=\"https:\/\/www.boursorama.com\/cours\/1rPCS\/\" title=\"AXA\" rel=\"nofollow noopener\" target=\"_blank\"><br \/>\n  AXA<br \/>\n <\/a><br \/>\n fait part de la nomination d&rsquo;Astrid Panosyan-Bouvet, ancienne ministre du Travail et de l&rsquo;Emploi sous les gouvernements Barnier et Bayrou, en tant que directrice des ressources humaines du groupe et membre du comit\u00e9 de direction, \u00e0 compter de ce 1er septembre.\n<\/p>\n<p>\n Dans ces fonctions, elle aura la responsabilit\u00e9 de l&rsquo;ensemble des missions de ressources humaines pilot\u00e9es par le groupe, notamment la gestion des talents, la r\u00e9mun\u00e9ration, les relations sociales, les op\u00e9rations RH, la culture et la diversit\u00e9, la formation, ainsi que les ressources humaines du GIE AXA. Elle sera rattach\u00e9e \u00e0 la secr\u00e9taire g\u00e9n\u00e9rale adjointe Karima Silvent.\n<\/p>\n<p>\n \u00ab\u00a0Sa tr\u00e8s riche exp\u00e9rience professionnelle, sa connaissance de notre secteur, ainsi que ses convictions fortes en mati\u00e8re de culture, de formation tout au long de la vie et de diversit\u00e9 seront des atouts formidables pour notre prochain plan\u00a0\u00bb, estime le directeur g\u00e9n\u00e9ral de la compagnie d&rsquo;assurance, Thomas Buberl.\n<\/p>\n<p>\n Apr\u00e8s un d\u00e9but de carri\u00e8re au GIE AXA (1998-2001) comme charg\u00e9e de mission en fusions-acquisitions, Astrid Panosyan-Bouvet a exerc\u00e9 des fonctions de direction chez Groupama (2002-2014), puis au sein du groupe Unibail-Rodamco-Westfield (2015-2022), en parall\u00e8le d&rsquo;un mandat d&rsquo;administratrice au sein du conseil de surveillance d&rsquo;Air France-KLM.\n<\/p>\n<p>\n Un temps conseill\u00e8re au minist\u00e8re de l&rsquo;Economie, de l&rsquo;Industrie et du Num\u00e9rique (2014-2015), elle a \u00e9t\u00e9 \u00e9lue d\u00e9put\u00e9e de Paris en 2022, avant d&rsquo;\u00eatre nomm\u00e9e ministre du Travail et de l&rsquo;Emploi (2024-2025). Charg\u00e9e d&rsquo;une mission par le Premier ministre sur les questions d&rsquo;attractivit\u00e9 \u00e9conomique, elle a quitt\u00e9 l&rsquo;Assembl\u00e9e nationale tout r\u00e9cemment.<\/p>\n","protected":false},"excerpt":{"rendered":"AXA fait part de la nomination d&rsquo;Astrid Panosyan-Bouvet, ancienne ministre du Travail et de l&rsquo;Emploi sous les gouvernements&hellip;\n","protected":false},"author":2,"featured_media":2554,"comment_status":"","ping_status":"","sticky":false,"template":"","format":"standard","meta":{"footnotes":"","_share_on_mastodon":"0"},"categories":[6],"tags":[400,398,408,35,405,33,34,1011,27,403,402,399,404,401,406,407],"class_list":["post-1159062","post","type-post","status-publish","format-standard","has-post-thumbnail","category-economie","tag-action-cac-40","tag-bourse-de-paris","tag-boursorama","tag-business","tag-cotations","tag-economie","tag-economy","tag-fr","tag-france","tag-indices-devises","tag-investir","tag-investissement","tag-marche-boursier","tag-sicav","tag-trackers","tag-warrants"],"share_on_mastodon":{"url":"https:\/\/pubeurope.com\/@fr\/117189924718860076","error":""},"_links":{"self":[{"href":"https:\/\/www.europesays.com\/fr\/wp-json\/wp\/v2\/posts\/1159062","targetHints":{"allow":["GET"]}}],"collection":[{"href":"https:\/\/www.europesays.com\/fr\/wp-json\/wp\/v2\/posts"}],"about":[{"href":"https:\/\/www.europesays.com\/fr\/wp-json\/wp\/v2\/types\/post"}],"author":[{"embeddable":true,"href":"https:\/\/www.europesays.com\/fr\/wp-json\/wp\/v2\/users\/2"}],"replies":[{"embeddable":true,"href":"https:\/\/www.europesays.com\/fr\/wp-json\/wp\/v2\/comments?post=1159062"}],"version-history":[{"count":0,"href":"https:\/\/www.europesays.com\/fr\/wp-json\/wp\/v2\/posts\/1159062\/revisions"}],"wp:featuredmedia":[{"embeddable":true,"href":"https:\/\/www.europesays.com\/fr\/wp-json\/wp\/v2\/media\/2554"}],"wp:attachment":[{"href":"https:\/\/www.europesays.com\/fr\/wp-json\/wp\/v2\/media?parent=1159062"}],"wp:term":[{"taxonomy":"category","embeddable":true,"href":"https:\/\/www.europesays.com\/fr\/wp-json\/wp\/v2\/categories?post=1159062"},{"taxonomy":"post_tag","embeddable":true,"href":"https:\/\/www.europesays.com\/fr\/wp-json\/wp\/v2\/tags?post=1159062"}],"curies":[{"name":"wp","href":"https:\/\/api.w.org\/{rel}","templated":true}]}}