{"id":1159063,"date":"2026-08-31T11:39:12","date_gmt":"2026-08-31T11:39:12","guid":{"rendered":"https:\/\/www.europesays.com\/fr\/1159063\/"},"modified":"2026-08-31T11:39:12","modified_gmt":"2026-08-31T11:39:12","slug":"fusillade-dans-une-rave-party-en-suisse-un-suspect-interpelle-par-la-police","status":"publish","type":"post","link":"https:\/\/www.europesays.com\/fr\/1159063\/","title":{"rendered":"Fusillade dans une rave party en Suisse : un suspect interpell\u00e9 par la police"},"content":{"rendered":"<p>\n    Un homme de 43 ans a \u00e9t\u00e9 interpell\u00e9 lundi dans le canton d\u2019Argovie, en Suisse, soup\u00e7onn\u00e9 d\u2019\u00eatre l\u2019auteur des coups de feu tir\u00e9s dans la nuit de samedi \u00e0 dimanche lors d\u2019une rave party pr\u00e8s de Zurich.<\/p>\n<p class=\"fig-paragraph\">Un Suisse de 43 ans a \u00e9t\u00e9 arr\u00eat\u00e9 lundi dans le cadre de l\u2019enqu\u00eate sur les tirs qui ont tu\u00e9 une jeune Italienne et fait cinq bless\u00e9s dans la nuit de samedi \u00e0 dimanche lors d\u2019une<a href=\"http:\/\/www.lefigaro.fr\/international\/suisse-une-rave-party-tourne-au-drame-apres-des-coups-de-feu-plusieurs-victimes-selon-la-police-20260830\" data-fig-type=\"NewsFlash\" data-gtm-custom-categorie=\"navigation\" data-gtm-custom-action=\"crossclick\" data-gtm-custom-label=\"Contextuel\" data-gtm-event=\"customEventSPE\" data-fig-domain=\"LEFIGARO\" rel=\"nofollow noopener\" target=\"_blank\">\u00a0rave party<\/a>\u00a0\u00e0 Aarau, pr\u00e8s de\u00a0<a href=\"http:\/\/www.lefigaro.fr\/flash-actu\/suisse-des-baigneurs-decouvrent-une-grenade-a-main-provenant-de-l-ex-yougoslavie-dans-une-riviere-a-zurich-20260813\" data-fig-type=\"NewsFlash\" data-gtm-custom-categorie=\"navigation\" data-gtm-custom-action=\"crossclick\" data-gtm-custom-label=\"Contextuel\" data-gtm-event=\"customEventSPE\" data-fig-domain=\"LEFIGARO\" rel=\"nofollow noopener\" target=\"_blank\">Zurich<\/a>, a annonc\u00e9 la police.<\/p>\n<p class=\"fig-paragraph\">\u00abDans le cadre des recherches men\u00e9es (apr\u00e8s le drame), un Suisse de 43 ans a \u00e9t\u00e9 appr\u00e9hend\u00e9 peu avant 1h00 le lundi 31 ao\u00fbt 2026\u00bb, a annonc\u00e9 dans un communiqu\u00e9 la police cantonale d\u2019Argovie, qui dit \u00abprivil\u00e9gier la th\u00e8se selon laquelle l\u2019auteur a agi seul\u00bb mais n\u2019a pas pr\u00e9cis\u00e9 o\u00f9 il avait \u00e9t\u00e9 interpell\u00e9.<\/p>\n<p>                                            <a class=\"fig-a11y-skip\" href=\"#fig-a11y-skip-main-inarticle\" is=\"fig-a11y-skip\" data-trigger-mode=\"visible-once\"><br \/>\n    Passer la publicit\u00e9<br \/>\n<\/a>            <\/p>\n<p class=\"fig-paragraph\">Plus d\u2019informations \u00e0 venir&#8230;<\/p>\n","protected":false},"excerpt":{"rendered":"Un homme de 43 ans a \u00e9t\u00e9 interpell\u00e9 lundi dans le canton d\u2019Argovie, en Suisse, soup\u00e7onn\u00e9 d\u2019\u00eatre l\u2019auteur&hellip;\n","protected":false},"author":2,"featured_media":1159064,"comment_status":"","ping_status":"","sticky":false,"template":"","format":"standard","meta":{"footnotes":"","_share_on_mastodon":"0"},"categories":[5],"tags":[11,1011,27,14,12,7746,3067,28],"class_list":["post-1159063","post","type-post","status-publish","format-standard","has-post-thumbnail","category-international","tag-actualites","tag-fr","tag-france","tag-international","tag-news","tag-rave-party","tag-suisse","tag-world"],"share_on_mastodon":{"url":"https:\/\/pubeurope.com\/@fr\/117189932749381988","error":""},"_links":{"self":[{"href":"https:\/\/www.europesays.com\/fr\/wp-json\/wp\/v2\/posts\/1159063","targetHints":{"allow":["GET"]}}],"collection":[{"href":"https:\/\/www.europesays.com\/fr\/wp-json\/wp\/v2\/posts"}],"about":[{"href":"https:\/\/www.europesays.com\/fr\/wp-json\/wp\/v2\/types\/post"}],"author":[{"embeddable":true,"href":"https:\/\/www.europesays.com\/fr\/wp-json\/wp\/v2\/users\/2"}],"replies":[{"embeddable":true,"href":"https:\/\/www.europesays.com\/fr\/wp-json\/wp\/v2\/comments?post=1159063"}],"version-history":[{"count":0,"href":"https:\/\/www.europesays.com\/fr\/wp-json\/wp\/v2\/posts\/1159063\/revisions"}],"wp:featuredmedia":[{"embeddable":true,"href":"https:\/\/www.europesays.com\/fr\/wp-json\/wp\/v2\/media\/1159064"}],"wp:attachment":[{"href":"https:\/\/www.europesays.com\/fr\/wp-json\/wp\/v2\/media?parent=1159063"}],"wp:term":[{"taxonomy":"category","embeddable":true,"href":"https:\/\/www.europesays.com\/fr\/wp-json\/wp\/v2\/categories?post=1159063"},{"taxonomy":"post_tag","embeddable":true,"href":"https:\/\/www.europesays.com\/fr\/wp-json\/wp\/v2\/tags?post=1159063"}],"curies":[{"name":"wp","href":"https:\/\/api.w.org\/{rel}","templated":true}]}}