{"id":1159079,"date":"2026-08-31T11:51:18","date_gmt":"2026-08-31T11:51:18","guid":{"rendered":"https:\/\/www.europesays.com\/fr\/1159079\/"},"modified":"2026-08-31T11:51:18","modified_gmt":"2026-08-31T11:51:18","slug":"des-emplois-sont-menaces-greve-chez-marionnaud-face-aux-menaces-de-fermeture-de-magasins-a-montpellier","status":"publish","type":"post","link":"https:\/\/www.europesays.com\/fr\/1159079\/","title":{"rendered":"\u00ab\u00a0Des emplois sont menac\u00e9s\u00a0\u00bb\u00a0: gr\u00e8ve chez Marionnaud face aux menaces de fermeture de magasins \u00e0 Montpellier"},"content":{"rendered":"<p>\n                                                                Le syndicat CGT proteste contre le rachat annonc\u00e9 de l\u2019enseigne, qui pourrait se traduire par la fermeture de 110 boutiques. L\u2019inqui\u00e9tude est grande \u00e0 Montpellier.\n                            <\/p>\n<p>L\u2019inqui\u00e9tude pr\u00e9vaut pour les 4\u00a0000 salari\u00e9s fran\u00e7ais de la\u00a0cha\u00eene de parfumerie Marionnaud. CK Hutchison, conglom\u00e9rat g\u00e9ant de Hong Kong et\u00a0propri\u00e9taire du\u00a0groupe chinois AS Watson qui a rachet\u00e9 Marionnaud en 2005, est en effet en passe de vendre la cha\u00eene \u00e0 David Konckier, principal actionnaire du groupe de cosm\u00e9tiques fran\u00e7ais Bogart, qui a cr\u00e9\u00e9 la soci\u00e9t\u00e9 BEHN en vue de ce rachat.<\/p>\n<p>Derri\u00e8re cette op\u00e9ration, la CGT Marionnaud suspecte la prochaine fermeture des 110 magasins les moins rentables, sur les 380 de France. Le premier syndicat repr\u00e9sent\u00e9 dans l\u2019enseigne est oppos\u00e9 \u00e0 cette vente et a d\u00e9pos\u00e9 un pr\u00e9avis de gr\u00e8ve d\u2019un mois, le mardi 25\u00a0ao\u00fbt, pour le faire savoir.<\/p>\n<p>\u00ab\u00a0Magasins dans un \u00e9tat d\u00e9plorable\u00a0\u00bb<\/p>\n<p>\u00ab\u00a0La direction et le repreneur refusent d\u2019apporter des garanties sur la\u00a0s\u00e9curisation\u00a0des emplois et l\u2019avenir des salari\u00e9s, d\u00e9plore St\u00e9phanie Fort\u00e9, d\u00e9l\u00e9gu\u00e9e syndicale CGT. Nous avons appel\u00e9 \u00e0 une gr\u00e8ve reconductible ce lundi 31\u00a0ao\u00fbt \u00e0 10\u00a0heures. Un rassemblement se d\u00e9roulera devant le si\u00e8ge de Marionnaud, \u00e0 Paris. D\u2019autres actions se d\u00e9rouleront en province dans la semaine\u00a0\u00bb.<\/p>\n<p>Autour\u00a0de Montpellier, \u00ab\u00a0le magasin de P\u00e9rols est\u00a0ferm\u00e9 lundi matin. C\u2019est un de ceux qui sont menac\u00e9s avec celui du Triangle, qui est dans un \u00e9tat d\u00e9plorable. C\u2019est aussi le cas de celui de la Grand-rue Jean-Moulin. Les back-offices \u2013 espaces r\u00e9serv\u00e9s aux salari\u00e9s \u2013 ont \u00e9galement \u00e9t\u00e9 priv\u00e9s d\u2019investissement\u00a0\u00bb.<\/p>\n<p>12\u00a0% des ventes de parfums<\/p>\n<p>L\u2019enjeu pour les syndicats est de peser dans les n\u00e9gociations. \u00ab\u00a0Nous\u00a0sommes surtout mobilis\u00e9s d\u2019ici le\u00a07\u00a0septembre, date \u00e0 laquelle sera communiqu\u00e9e une enqu\u00eate sur les risques psycho-sociaux\u00a0\u00bb. R\u00e9alis\u00e9e par un cabinet ind\u00e9pendant, elle\u00a0sera remise au CSE (Comit\u00e9 social et \u00e9conomique).<\/p>\n<p>\u00ab\u00a0En manque d\u2019investissement depuis de nombreuses ann\u00e9es\u00a0\u00bb, Marionnaud\u00a0ne repr\u00e9sente plus que 12\u00a0% des ventes en France, loin derri\u00e8re Sephora et Nocib\u00e9. Ses ventes sont \u00e9galement plus faibles sur internet et ses surfaces de vente plus petites.<\/p>\n","protected":false},"excerpt":{"rendered":"Le syndicat CGT proteste contre le rachat annonc\u00e9 de l\u2019enseigne, qui pourrait se traduire par la fermeture de&hellip;\n","protected":false},"author":2,"featured_media":1159080,"comment_status":"","ping_status":"","sticky":false,"template":"","format":"standard","meta":{"footnotes":"","_share_on_mastodon":"0"},"categories":[9599],"tags":[1111,11,1777,674,1011,27,7089,2208,12,2680,25,801,104],"class_list":["post-1159079","post","type-post","status-publish","format-standard","has-post-thumbnail","category-montpellier","tag-actu","tag-actualites","tag-eu","tag-europe","tag-fr","tag-france","tag-herault","tag-montpellier","tag-news","tag-occitanie","tag-republique-francaise","tag-social","tag-societe"],"share_on_mastodon":{"url":"https:\/\/pubeurope.com\/@fr\/117189980053339079","error":""},"_links":{"self":[{"href":"https:\/\/www.europesays.com\/fr\/wp-json\/wp\/v2\/posts\/1159079","targetHints":{"allow":["GET"]}}],"collection":[{"href":"https:\/\/www.europesays.com\/fr\/wp-json\/wp\/v2\/posts"}],"about":[{"href":"https:\/\/www.europesays.com\/fr\/wp-json\/wp\/v2\/types\/post"}],"author":[{"embeddable":true,"href":"https:\/\/www.europesays.com\/fr\/wp-json\/wp\/v2\/users\/2"}],"replies":[{"embeddable":true,"href":"https:\/\/www.europesays.com\/fr\/wp-json\/wp\/v2\/comments?post=1159079"}],"version-history":[{"count":0,"href":"https:\/\/www.europesays.com\/fr\/wp-json\/wp\/v2\/posts\/1159079\/revisions"}],"wp:featuredmedia":[{"embeddable":true,"href":"https:\/\/www.europesays.com\/fr\/wp-json\/wp\/v2\/media\/1159080"}],"wp:attachment":[{"href":"https:\/\/www.europesays.com\/fr\/wp-json\/wp\/v2\/media?parent=1159079"}],"wp:term":[{"taxonomy":"category","embeddable":true,"href":"https:\/\/www.europesays.com\/fr\/wp-json\/wp\/v2\/categories?post=1159079"},{"taxonomy":"post_tag","embeddable":true,"href":"https:\/\/www.europesays.com\/fr\/wp-json\/wp\/v2\/tags?post=1159079"}],"curies":[{"name":"wp","href":"https:\/\/api.w.org\/{rel}","templated":true}]}}