{"id":115908,"date":"2025-05-21T03:47:12","date_gmt":"2025-05-21T03:47:12","guid":{"rendered":"https:\/\/www.europesays.com\/fr\/115908\/"},"modified":"2025-05-21T03:47:12","modified_gmt":"2025-05-21T03:47:12","slug":"les-forains-ont-ils-vraiment-tente-dintimider-la-maire-avec-des-bonbonnes-de-gaz","status":"publish","type":"post","link":"https:\/\/www.europesays.com\/fr\/115908\/","title":{"rendered":"les forains ont-ils vraiment tent\u00e9 d&rsquo;intimider la maire avec des bonbonnes de gaz\u00a0?"},"content":{"rendered":"<p>            Par<br \/>\n        <strong><br \/>\n            <a href=\"https:\/\/actu.fr\/auteur\/ivan-capecchi\" title=\"Consulter tous les articles de Ivan CAPECCHI\" target=\"_blank\" rel=\"noopener\">Ivan CAPECCHI<\/a><br \/>\n        <\/strong><\/p>\n<p>        Publi\u00e9 le<\/p>\n<p>            20 mai 2025 \u00e0 17h13        <\/p>\n<p>Lundi, des dizaines de <strong>forains<\/strong> ont converg\u00e9 vers Strasbourg pour <a href=\"https:\/\/actu.fr\/grand-est\/strasbourg_67482\/report-de-la-foire-saint-jean-les-forains-manifestent-ce-lundi-c-est-une-fete-tres-importante-pour-nous_62653897.html\" target=\"_blank\" rel=\"noopener\">protester contre le report de la foire Saint-Jean<\/a>, entra\u00eenant la <a href=\"https:\/\/actu.fr\/grand-est\/strasbourg_67482\/manifestation-des-forains-a-strasbourg-le-conseil-municipal-suspendu-le-trafic-cts-perturbe_62654119.html\" target=\"_blank\" rel=\"noopener\">suspension du conseil municipal<\/a>.<\/p>\n<p class=\" wall-content\">Cette m\u00eame journ\u00e9e, <a href=\"https:\/\/actu.fr\/tag\/jeanne-barseghian\" target=\"_blank\" rel=\"noopener\">Jeanne Barseghian<\/a>, la maire de Strasbourg, a d\u00e9nonc\u00e9 des <a href=\"https:\/\/actu.fr\/grand-est\/strasbourg_67482\/manifestation-des-forains-et-suspension-du-conseil-municipal-la-maire-denonce-des-methodes-inacceptables_62656410.html\" target=\"_blank\" rel=\"noopener\">\u00ab\u2009m\u00e9thodes inacceptables\u2009\u00bb<\/a> constituant une \u00ab<strong>\u2009entrave d\u00e9mocratique<\/strong>\u2009\u00bb. Elle a notamment \u00e9voqu\u00e9 la pr\u00e9sence de \u00ab<strong>\u2009bonbonnes de gaz<\/strong>\u2009\u00bb aux abords du centre administratif, bonbonnes qui auraient \u00e9t\u00e9 plac\u00e9es l\u00e0 par les forains pour tenter d\u2019intimider la mairie. \u00ab<strong>\u2009Je ne sais pas si vous vous rendez compte du niveau de violence<\/strong>\u2009\u00bb, a comment\u00e9 Mme Barseghian, lors d\u2019une conf\u00e9rence de presse.<\/p>\n<p class=\" wall-content\">Qu\u2019en est-il r\u00e9ellement\u2009? C\u2019est ce qu\u2019on a cherch\u00e9 \u00e0 savoir.<\/p>\n<p>Les bonbonnes n\u2019ont pas \u00e9t\u00e9 amen\u00e9es par les forains<\/p>\n<p class=\" wall-content\">Interrog\u00e9s sur ce sujet, <strong>les forains d\u00e9mentent formellement<\/strong>\u2009: \u00ab<strong>\u2009On n\u2019a rien \u00e0 voir l\u00e0-dedans<\/strong>, les bonbonnes sont li\u00e9es \u00e0 un chantier en cours \u00e0 cet endroit\u2009\u00bb, s\u2019entend-on dire.<\/p>\n<p class=\" wall-content\">Effectivement, selon nos informations, <strong>la pr\u00e9sence de ces bonbonnes est bien li\u00e9e \u00e0 un chantier qui a lieu au niveau du centre administratif<\/strong>. Bonbonnes qui, par ailleurs, sont <strong>vides<\/strong>.<\/p>\n<p>La Ville affirme que les bonbonnes ont \u00e9t\u00e9 manipul\u00e9es par les forains, ces derniers d\u00e9mentent<\/p>\n<p class=\" wall-content\">Sollicit\u00e9e \u00e0 nouveau pour savoir si elle maintenait sa version, la Ville d\u00e9clare\u2009: \u00ab\u2009Il est probable que les bonbonnes proviennent d\u2019un chantier environnant, mais <strong>elles n\u2019ont pas \u00e9t\u00e9 manipul\u00e9es par qui que ce soit de nos services, elles ont \u00e9t\u00e9 manipul\u00e9es par des forains et certaines ont \u00e9t\u00e9 utilis\u00e9es pour encombrer les acc\u00e8s<\/strong>\u2009\u00bb.<\/p>\n<p class=\" wall-content\">\u00ab\u2009On a utilis\u00e9 deux-trois trucs du chantier pour barrer les acc\u00e8s, <strong>mais on n\u2019a pas touch\u00e9 aux bonbonnes<\/strong>\u2009\u00bb, maintient de son c\u00f4t\u00e9 Serge Fornara, industriel forain.<\/p>\n<p class=\" wall-content\">Ce dernier d\u00e9plore un \u00ab<strong>\u2009jeu de chat et de la souris avec la mairie<\/strong>\u2009\u00bb et parle de \u00ab<strong>\u2009querelles de gamins de 12\u00a0ans<\/strong>\u2009\u00bb. \u00ab<strong>\u2009On est dans la merde<\/strong>,<strong> tout le monde s\u2019en fout<\/strong>\u2009\u00bb, l\u00e2che-t-il. De son c\u00f4t\u00e9, la Ville a annonc\u00e9 lundi travailler \u00e0 des <strong>mesures pour compenser le manque \u00e0 gagner des forains<\/strong>.<\/p>\n<p>Un adjoint compare la manifestation \u00e0 \u00ab\u2009un petit Capitole\u2009\u00bb<\/p>\n<p class=\" wall-content\">Lors du conseil municipal qui s\u2019est finalement tenu \u00e0 partir de 18h, Marc Hoffsess, adjoint \u00e0 la maire de Strasbourg charg\u00e9 de la transformation \u00e9cologique du territoire, a compar\u00e9 la manifestation des forains \u00e0 un \u00ab<strong>\u2009petit Capitole<\/strong>\u2009\u00bb*.<\/p>\n<p class=\" wall-content\">Il a accus\u00e9 les forains d\u2019avoir \u00ab\u2009menac [\u00e9] les \u00e9lus et les agents [du centre administratif] avec des bonbonnes de gaz\u2009\u00bb.<\/p>\n<p>\u00ab\u2009C\u2019est une honte\u2009\u00bb, r\u00e9agit une conseill\u00e8re municipale d\u2019opposition<\/p>\n<p class=\" wall-content\">\u00ab\u2009Dire que c\u2019\u00e9tait un mini Capitole, <strong>c\u2019est factuellement faux et c\u2019est une honte<\/strong>\u2009\u00bb, a r\u00e9agi Rebecca Breitman, conseill\u00e8re municipale d\u2019opposition (MoDem), lors de cette m\u00eame s\u00e9ance du conseil municipal. \u00ab\u2009C\u2019est factuellement faux parce que d\u00e9j\u00e0 <strong>ils ne sont pas entr\u00e9s dans le b\u00e2timent<\/strong> et, ensuite, vous parlez d\u2019insultes, de menaces, d\u2019utilisation de bonbonnes sur place, or, quand nous \u00e9tions sur place, il n\u2019y a eu aucune menace de prononc\u00e9e, il n\u2019y a eu aucune agression physique\u2009\u00bb, a-t-elle ajout\u00e9. \u00ab\u2009Et les bonbonnes de gaz, ce sont celles de la Ville, elles n\u2019ont m\u00eame pas \u00e9t\u00e9 approch\u00e9es par les forains, donc <strong>vous cr\u00e9ez un fantasme et vous criminalisez quelque chose qui n\u2019existe pas<\/strong>\u2009\u00bb, a-t-elle compl\u00e9t\u00e9.<\/p>\n<p class=\" wall-content\">*En r\u00e9f\u00e9rence \u00e0 la prise d\u2019assaut, par des partisans de Donald Trump le 6\u00a0janvier 2021, du si\u00e8ge du Congr\u00e8s des \u00c9tats-Unis pour\u00a0contester la certification de la victoire de Joe Biden \u00e0 l\u2019\u00e9lection pr\u00e9sidentielle<\/p>\n<p class=\" wall-content\">Suivez toute l\u2019actualit\u00e9 de vos villes et m\u00e9dias favoris en vous inscrivant \u00e0 <a href=\"https:\/\/moncompte.actu.fr\" title=\"D\u00e9couvez Mon Actu\" rel=\"nofollow noopener\" data-trk=\"{&quot;cta&quot;:{&quot;action&quot;:&quot;https:\\\/\\\/moncompte.actu.fr&quot;,&quot;category&quot;:&quot;mon compte&quot;,&quot;from&quot;:&quot;article footer&quot;,&quot;name&quot;:&quot;Mon actu&quot;,&quot;type&quot;:&quot;cta&quot;}}\" target=\"_blank\">Mon Actu<\/a>.<\/p>\n","protected":false},"excerpt":{"rendered":"Par Ivan CAPECCHI Publi\u00e9 le 20 mai 2025 \u00e0 17h13 Lundi, des dizaines de forains ont converg\u00e9 vers&hellip;\n","protected":false},"author":2,"featured_media":115909,"comment_status":"","ping_status":"","sticky":false,"template":"","format":"standard","meta":{"footnotes":""},"categories":[2820],"tags":[1111,11,1777,674,23120,1011,27,775,7125,1272,12,25,104,640],"class_list":{"0":"post-115908","1":"post","2":"type-post","3":"status-publish","4":"format-standard","5":"has-post-thumbnail","7":"category-strasbourg","8":"tag-actu","9":"tag-actualites","10":"tag-eu","11":"tag-europe","12":"tag-foire-saint-jean-strasbourg","13":"tag-fr","14":"tag-france","15":"tag-grand-est","16":"tag-jeanne-barseghian","17":"tag-manifestations","18":"tag-news","19":"tag-republique-francaise","20":"tag-societe","21":"tag-strasbourg"},"share_on_mastodon":{"url":"https:\/\/pubeurope.com\/@fr\/114543777794373387","error":""},"_links":{"self":[{"href":"https:\/\/www.europesays.com\/fr\/wp-json\/wp\/v2\/posts\/115908","targetHints":{"allow":["GET"]}}],"collection":[{"href":"https:\/\/www.europesays.com\/fr\/wp-json\/wp\/v2\/posts"}],"about":[{"href":"https:\/\/www.europesays.com\/fr\/wp-json\/wp\/v2\/types\/post"}],"author":[{"embeddable":true,"href":"https:\/\/www.europesays.com\/fr\/wp-json\/wp\/v2\/users\/2"}],"replies":[{"embeddable":true,"href":"https:\/\/www.europesays.com\/fr\/wp-json\/wp\/v2\/comments?post=115908"}],"version-history":[{"count":0,"href":"https:\/\/www.europesays.com\/fr\/wp-json\/wp\/v2\/posts\/115908\/revisions"}],"wp:featuredmedia":[{"embeddable":true,"href":"https:\/\/www.europesays.com\/fr\/wp-json\/wp\/v2\/media\/115909"}],"wp:attachment":[{"href":"https:\/\/www.europesays.com\/fr\/wp-json\/wp\/v2\/media?parent=115908"}],"wp:term":[{"taxonomy":"category","embeddable":true,"href":"https:\/\/www.europesays.com\/fr\/wp-json\/wp\/v2\/categories?post=115908"},{"taxonomy":"post_tag","embeddable":true,"href":"https:\/\/www.europesays.com\/fr\/wp-json\/wp\/v2\/tags?post=115908"}],"curies":[{"name":"wp","href":"https:\/\/api.w.org\/{rel}","templated":true}]}}