{"id":1159109,"date":"2026-08-31T12:14:13","date_gmt":"2026-08-31T12:14:13","guid":{"rendered":"https:\/\/www.europesays.com\/fr\/1159109\/"},"modified":"2026-08-31T12:14:13","modified_gmt":"2026-08-31T12:14:13","slug":"accident-de-trottinette-au-sud-ouest-de-toulouse-pronostic-vital-engage-pour-un-adolescent-de-16-ans","status":"publish","type":"post","link":"https:\/\/www.europesays.com\/fr\/1159109\/","title":{"rendered":"Accident de trottinette au sud-ouest de Toulouse : pronostic vital engag\u00e9 pour un adolescent de 16 ans"},"content":{"rendered":"<p>                    Par<br \/>\n        <strong><br \/>\n            <a href=\"https:\/\/actu.fr\/auteur\/david-saint-sernin\" title=\"Consulter tous les articles de David Saint-Sernin\" rel=\"nofollow noopener\" target=\"_blank\">David Saint-Sernin<\/a><br \/>\n                    <\/strong><\/p>\n<p>        Publi\u00e9 le<\/p>\n<p>            31 ao\u00fbt 2026 \u00e0 13h37        <\/p>\n<p>Dimanche 30 ao\u00fbt 2026, vers 15 heures, <a href=\"https:\/\/actu.fr\/occitanie\/toulouse_31555\/grave-accident-de-trottinette-a-toulouse-un-homme-freine-brutalement-et-chute-sur-le-visage-il-est-evacue-en-urgence_64461230.html\" rel=\"nofollow noopener\" target=\"_blank\">un accident de trottinette<\/a> s\u2019est produit sur la commune de Rieumes, au sud-ouest de Toulouse.<\/p>\n<p class=\" wall-content\">Alors qu\u2019il circulait seul et sans casque, selon les premi\u00e8res constatations, <strong>un adolescent de 16\u00a0ans a perdu le contr\u00f4le de l\u2019engin<\/strong> et a chut\u00e9. Il a \u00e9t\u00e9 bless\u00e9 \u00e0 la t\u00eate et \u00e9tait inconscient lors de sa prise en charge.<\/p>\n<p>Pronostic vital engag\u00e9<\/p>\n<p class=\" wall-content\">Son pronostic vital \u00e9tait engag\u00e9 quand le SAMU 31 l\u2019a pris en charge en h\u00e9licopt\u00e8re.<\/p>\n<p class=\" wall-content\">Pour quelle raison l\u2019adolescent a chut\u00e9\u2009? Les circonstances restent \u00e0 d\u00e9terminer et toutes les hypoth\u00e8ses sont \u00e9tudi\u00e9es dans le cadre de l\u2019enqu\u00eate ouverte par les gendarmes de Haute-Garonne.<\/p>\n<p>Les accidents de trottinette se multiplient<\/p>\n<p class=\" wall-content\">Ces derniers mois,<strong> les accidents de trottinette se multiplient<\/strong> \u00e0 Toulouse et en Haute-Garonne.<\/p>\n<p class=\" wall-content\">Le 26\u00a0juin dernier, un sexag\u00e9naire avait \u00e9t\u00e9 victime d\u2019un grave accident de trottinette \u00e9lectrique. Apr\u00e8s avoir frein\u00e9 brutalement, il avait \u00e9t\u00e9 projet\u00e9 en avant, se blessant gravement.<\/p>\n<p>Vid\u00e9os : en ce moment sur Actu<\/p>\n<p class=\" wall-content\">Personnalisez votre actualit\u00e9 en ajoutant vos villes et m\u00e9dias en favori avec <a href=\"https:\/\/moncompte.actu.fr\" title=\"D\u00e9couvez Mon Actu\" rel=\"nofollow noopener\" data-trk=\"{&quot;cta&quot;:{&quot;action&quot;:&quot;https:\\\/\\\/moncompte.actu.fr&quot;,&quot;category&quot;:&quot;mon compte&quot;,&quot;from&quot;:&quot;article footer&quot;,&quot;name&quot;:&quot;Mon actu&quot;,&quot;type&quot;:&quot;cta&quot;}}\" target=\"_blank\">Mon Actu<\/a>.<\/p>\n","protected":false},"excerpt":{"rendered":"Par David Saint-Sernin Publi\u00e9 le 31 ao\u00fbt 2026 \u00e0 13h37 Dimanche 30 ao\u00fbt 2026, vers 15 heures, un&hellip;\n","protected":false},"author":2,"featured_media":1159110,"comment_status":"","ping_status":"","sticky":false,"template":"","format":"standard","meta":{"footnotes":"","_share_on_mastodon":"0"},"categories":[2816],"tags":[1111,11,3542,1777,674,118,1011,27,12,2680,25,2312],"class_list":["post-1159109","post","type-post","status-publish","format-standard","has-post-thumbnail","category-toulouse","tag-actu","tag-actualites","tag-circulation","tag-eu","tag-europe","tag-faits-divers","tag-fr","tag-france","tag-news","tag-occitanie","tag-republique-francaise","tag-toulouse"],"share_on_mastodon":{"url":"https:\/\/pubeurope.com\/@fr\/117190070270030800","error":""},"_links":{"self":[{"href":"https:\/\/www.europesays.com\/fr\/wp-json\/wp\/v2\/posts\/1159109","targetHints":{"allow":["GET"]}}],"collection":[{"href":"https:\/\/www.europesays.com\/fr\/wp-json\/wp\/v2\/posts"}],"about":[{"href":"https:\/\/www.europesays.com\/fr\/wp-json\/wp\/v2\/types\/post"}],"author":[{"embeddable":true,"href":"https:\/\/www.europesays.com\/fr\/wp-json\/wp\/v2\/users\/2"}],"replies":[{"embeddable":true,"href":"https:\/\/www.europesays.com\/fr\/wp-json\/wp\/v2\/comments?post=1159109"}],"version-history":[{"count":0,"href":"https:\/\/www.europesays.com\/fr\/wp-json\/wp\/v2\/posts\/1159109\/revisions"}],"wp:featuredmedia":[{"embeddable":true,"href":"https:\/\/www.europesays.com\/fr\/wp-json\/wp\/v2\/media\/1159110"}],"wp:attachment":[{"href":"https:\/\/www.europesays.com\/fr\/wp-json\/wp\/v2\/media?parent=1159109"}],"wp:term":[{"taxonomy":"category","embeddable":true,"href":"https:\/\/www.europesays.com\/fr\/wp-json\/wp\/v2\/categories?post=1159109"},{"taxonomy":"post_tag","embeddable":true,"href":"https:\/\/www.europesays.com\/fr\/wp-json\/wp\/v2\/tags?post=1159109"}],"curies":[{"name":"wp","href":"https:\/\/api.w.org\/{rel}","templated":true}]}}