{"id":1159117,"date":"2026-08-31T12:22:15","date_gmt":"2026-08-31T12:22:15","guid":{"rendered":"https:\/\/www.europesays.com\/fr\/1159117\/"},"modified":"2026-08-31T12:22:15","modified_gmt":"2026-08-31T12:22:15","slug":"angele-annonce-un-concert-a-lyon-on-sait-quand-ouvrira-la-billetterie","status":"publish","type":"post","link":"https:\/\/www.europesays.com\/fr\/1159117\/","title":{"rendered":"Ang\u00e8le annonce un concert \u00e0 Lyon : on sait quand ouvrira la billetterie"},"content":{"rendered":"<p>Ang\u00e8le a annonc\u00e9 une s\u00e9rie de concerts dans le cadre de sa nouvelle tourn\u00e9e en 2027, partout en France. Elle passera par Lyon en novembre 2027.<\/p>\n<p>Ang\u00e8le est bel et bien de retour !\u00a0La chanteuse belge, qui a sorti son nouveau single \u00ab\u00a0Une seule vie\u00a0\u00bb la semaine derni\u00e8re, vient de d\u00e9voiler les villes dans lesquelles passera son\u00a0\u00ab\u00a0Instinct Tour\u00a0\u00bb\u00a0en 2027.<\/p>\n<p>Ang\u00e8le chantera \u00e0 Lyon en 2027 !<\/p>\n<p>L&rsquo;artiste sera de passage \u00e0 <b>l&rsquo;Arena de D\u00e9cines<\/b>, pr\u00e8s de Lyon, <b>le jeudi 4 novembre 2027<\/b>. Pour rappel, elle sortira<b> le 16 octobre<\/b> son nouvel album <b>\u00ab\u00a0Instinct\u00a0\u00bb<\/b>.<\/p>\n<p>Quand acheter son billet pour voir Ang\u00e8le ?<\/p>\n<p>Pour prendre son billet et revoir sur sc\u00e8ne Ang\u00e8le, plusieurs dates sont \u00e0 conna\u00eetre :<\/p>\n<p>&#8211; le 2 septembre : pr\u00e9vente artiste<br \/>&#8211; le 3 septembre : pr\u00e9vente Mastercard<br \/>&#8211; le 4 septembre : pr\u00e9vente Live Nation<br \/><b>&#8211; le 5 septembre (11h) : mise en vente g\u00e9n\u00e9rale<\/b><\/p>\n<p>Toutes les informations \u00e0 retrouver sur le site de l&rsquo;Arena de D\u00e9cines (<a class=\"url\" href=\"https:\/\/www.olvallee.fr\/evenement\/angele-2027\/\" target=\"_blank\" rel=\"nofollow noopener\">cliquez ici pour y acc\u00e9der<\/a>).<\/p>\n<p><\/p>\n","protected":false},"excerpt":{"rendered":"Ang\u00e8le a annonc\u00e9 une s\u00e9rie de concerts dans le cadre de sa nouvelle tourn\u00e9e en 2027, partout en&hellip;\n","protected":false},"author":2,"featured_media":1159118,"comment_status":"","ping_status":"","sticky":false,"template":"","format":"standard","meta":{"footnotes":"","_share_on_mastodon":"0"},"categories":[1889],"tags":[1111,11,119049,119048,119047,119046,2430,1777,674,1011,27,2428,12,25],"class_list":["post-1159117","post","type-post","status-publish","format-standard","has-post-thumbnail","category-lyon","tag-actu","tag-actualites","tag-angle-concert","tag-angle-concert-lyon","tag-angle-tourne","tag-angle-une-seule-vie","tag-auvergne-rhone-alpes","tag-eu","tag-europe","tag-fr","tag-france","tag-lyon","tag-news","tag-republique-francaise"],"share_on_mastodon":{"url":"https:\/\/pubeurope.com\/@fr\/117190101919000397","error":""},"_links":{"self":[{"href":"https:\/\/www.europesays.com\/fr\/wp-json\/wp\/v2\/posts\/1159117","targetHints":{"allow":["GET"]}}],"collection":[{"href":"https:\/\/www.europesays.com\/fr\/wp-json\/wp\/v2\/posts"}],"about":[{"href":"https:\/\/www.europesays.com\/fr\/wp-json\/wp\/v2\/types\/post"}],"author":[{"embeddable":true,"href":"https:\/\/www.europesays.com\/fr\/wp-json\/wp\/v2\/users\/2"}],"replies":[{"embeddable":true,"href":"https:\/\/www.europesays.com\/fr\/wp-json\/wp\/v2\/comments?post=1159117"}],"version-history":[{"count":0,"href":"https:\/\/www.europesays.com\/fr\/wp-json\/wp\/v2\/posts\/1159117\/revisions"}],"wp:featuredmedia":[{"embeddable":true,"href":"https:\/\/www.europesays.com\/fr\/wp-json\/wp\/v2\/media\/1159118"}],"wp:attachment":[{"href":"https:\/\/www.europesays.com\/fr\/wp-json\/wp\/v2\/media?parent=1159117"}],"wp:term":[{"taxonomy":"category","embeddable":true,"href":"https:\/\/www.europesays.com\/fr\/wp-json\/wp\/v2\/categories?post=1159117"},{"taxonomy":"post_tag","embeddable":true,"href":"https:\/\/www.europesays.com\/fr\/wp-json\/wp\/v2\/tags?post=1159117"}],"curies":[{"name":"wp","href":"https:\/\/api.w.org\/{rel}","templated":true}]}}