{"id":1159119,"date":"2026-08-31T12:24:22","date_gmt":"2026-08-31T12:24:22","guid":{"rendered":"https:\/\/www.europesays.com\/fr\/1159119\/"},"modified":"2026-08-31T12:24:22","modified_gmt":"2026-08-31T12:24:22","slug":"lyon-rentree-scolaire-face-a-la-surchauffe-climatique-la-ville-au-defi-des-ecoles-bouilloires","status":"publish","type":"post","link":"https:\/\/www.europesays.com\/fr\/1159119\/","title":{"rendered":"Lyon. Rentr\u00e9e scolaire\u00a0: face \u00e0 la surchauffe climatique, la Ville au d\u00e9fi des \u00e9coles bouilloires"},"content":{"rendered":"<p>                            Logements et \u00e9coles\u00a0: l\u2019urgence des \u00ab\u00a0bouilloires thermiques\u00a0\u00bb<\/p>\n<p>C\u2019est une premi\u00e8re en France\u00a0: alors que la Ville de Lyon peut d\u00e9sormais d\u00e9clarer un \u00ab\u00a0logement bouilloire\u00a0\u00bb insalubre, la surchauffe frappe aussi les \u00e9coles. La Ville part de loin\u00a0: sur les 207 \u00e9coles lyonnaises, au moins une bonne centaine, la moiti\u00e9, rentrait dans la cat\u00e9gorie des bouilloires thermiques au d\u00e9but du mandat en 2020. Renvoyer ou garder les enfants chez eux en cas de canicule est une fausse solution\u00a0: c\u2019est souvent les d\u00e9placer d\u2019une passoire thermique \u00e0 une autre.<\/p>\n<p>\u00ab\u00a0La r\u00e9novation \u00e9nerg\u00e9tique ne pourra pas tout faire seule, c\u2019est aussi nos pratiques qu\u2019il faut adapter\u00a0\u00bb, souligne St\u00e9phanie L\u00e9ger, adjointe (Socialiste) \u00e0 l\u2019\u00c9ducation de la Ville de Lyon.<\/p>\n<p>Trente-quatre millions par an depuis 2020<\/p>\n<p>Depuis 2020, la municipalit\u00e9 a engag\u00e9&#8230;<\/p>\n","protected":false},"excerpt":{"rendered":"Logements et \u00e9coles\u00a0: l\u2019urgence des \u00ab\u00a0bouilloires thermiques\u00a0\u00bb C\u2019est une premi\u00e8re en France\u00a0: alors que la Ville de Lyon&hellip;\n","protected":false},"author":2,"featured_media":1159120,"comment_status":"","ping_status":"","sticky":false,"template":"","format":"standard","meta":{"footnotes":"","_share_on_mastodon":"0"},"categories":[1889],"tags":[1111,11,2430,6698,9771,2757,1057,436,1777,674,5016,1011,27,9588,3539,2428,2756,10425,8423,12,3541,316,5140,25,2429,801,104],"class_list":["post-1159119","post","type-post","status-publish","format-standard","has-post-thumbnail","category-lyon","tag-actu","tag-actualites","tag-auvergne-rhone-alpes","tag-canicule","tag-desinfox","tag-edition-lyon-villeurbanne","tag-education","tag-environnement","tag-eu","tag-europe","tag-formation-orientation","tag-fr","tag-france","tag-ici-on-agit","tag-les-ecologistes","tag-lyon","tag-lyon-bassin","tag-maternelle-elementaire","tag-meteorologie-climat","tag-news","tag-parti-socialiste","tag-politique","tag-rechauffement-climatique","tag-republique-francaise","tag-rhone","tag-social","tag-societe"],"share_on_mastodon":{"url":"https:\/\/pubeurope.com\/@fr\/117190109708614659","error":""},"_links":{"self":[{"href":"https:\/\/www.europesays.com\/fr\/wp-json\/wp\/v2\/posts\/1159119","targetHints":{"allow":["GET"]}}],"collection":[{"href":"https:\/\/www.europesays.com\/fr\/wp-json\/wp\/v2\/posts"}],"about":[{"href":"https:\/\/www.europesays.com\/fr\/wp-json\/wp\/v2\/types\/post"}],"author":[{"embeddable":true,"href":"https:\/\/www.europesays.com\/fr\/wp-json\/wp\/v2\/users\/2"}],"replies":[{"embeddable":true,"href":"https:\/\/www.europesays.com\/fr\/wp-json\/wp\/v2\/comments?post=1159119"}],"version-history":[{"count":0,"href":"https:\/\/www.europesays.com\/fr\/wp-json\/wp\/v2\/posts\/1159119\/revisions"}],"wp:featuredmedia":[{"embeddable":true,"href":"https:\/\/www.europesays.com\/fr\/wp-json\/wp\/v2\/media\/1159120"}],"wp:attachment":[{"href":"https:\/\/www.europesays.com\/fr\/wp-json\/wp\/v2\/media?parent=1159119"}],"wp:term":[{"taxonomy":"category","embeddable":true,"href":"https:\/\/www.europesays.com\/fr\/wp-json\/wp\/v2\/categories?post=1159119"},{"taxonomy":"post_tag","embeddable":true,"href":"https:\/\/www.europesays.com\/fr\/wp-json\/wp\/v2\/tags?post=1159119"}],"curies":[{"name":"wp","href":"https:\/\/api.w.org\/{rel}","templated":true}]}}