{"id":1159121,"date":"2026-08-31T12:26:16","date_gmt":"2026-08-31T12:26:16","guid":{"rendered":"https:\/\/www.europesays.com\/fr\/1159121\/"},"modified":"2026-08-31T12:26:16","modified_gmt":"2026-08-31T12:26:16","slug":"la-region-ile-de-france-vient-de-presenter-les-nouveautes-de-la-rentree-pour-les-lycees-publics","status":"publish","type":"post","link":"https:\/\/www.europesays.com\/fr\/1159121\/","title":{"rendered":"La R\u00e9gion \u00cele-de-France vient de pr\u00e9senter les nouveaut\u00e9s de la rentr\u00e9e pour les lyc\u00e9es publics"},"content":{"rendered":"\n<p style=\"margin-bottom: 0cm;\">Elle fait savoir que \u00ab\u00a0plus de 2 \u00e9l\u00e8ves sur 3 vont \u00e9tudier dans un \u00e9tablissement neuf ou r\u00e9nov\u00e9\u00a0\u00bb. En tout, 2.500 places suppl\u00e9mentaires ont \u00e9t\u00e9 cr\u00e9\u00e9s. Par ailleurs, un fonds d\u2019urgence \u00ab\u00a0canicule\u00a0\u00bb est lanc\u00e9 pour permettre aux \u00e9tablissements \u00ab\u00a0centres d\u2019examens\u00a0\u00bb, d\u2019acqu\u00e9rir des \u00e9quipements de rafra\u00eechissement. Mise en \u0153uvre \u00e9galement de 10 dispositifs phares, notamment des ordinateurs plus rapide et avec une meilleure autonomie pour tous les \u00e9l\u00e8ves de Seconde ainsi que 20.000 professeurs. Ou bien encore l\u2019aide \u00e0 la correction de copies gr\u00e2ce \u00e0 l\u2019IA.<\/p>\n<p style=\"margin-bottom: 0cm;\">\u00a0<\/p>\n<p lang=\"fr-FR\" style=\"margin-bottom: 0cm;\">Brice Charrier &#8211; Nicolas Chacun<\/p>\n<p>!function(f,b,e,v,n,t,s){if(f.fbq)return;n=f.fbq=function(){n.callMethod?<br \/>\nn.callMethod.apply(n,arguments):n.queue.push(arguments)};if(!f._fbq)f._fbq=n;<br \/>\nn.push=n;n.loaded=!0;n.version=&rsquo;2.0&prime;;n.queue=[];t=b.createElement(e);t.async=!0;<br \/>\nt.src=v;s=b.getElementsByTagName(e)[0];s.parentNode.insertBefore(t,s)}(window,<br \/>\ndocument,&rsquo;script&rsquo;,&rsquo;https:\/\/connect.facebook.net\/en_US\/fbevents.js&rsquo;);<br \/>\nfbq(&lsquo;init&rsquo;, &lsquo;278974969201861&rsquo;); \/\/ Insert your pixel ID here.<br \/>\nfbq(&lsquo;track&rsquo;, &lsquo;PageView&rsquo;);<\/p>\n","protected":false},"excerpt":{"rendered":"Elle fait savoir que \u00ab\u00a0plus de 2 \u00e9l\u00e8ves sur 3 vont \u00e9tudier dans un \u00e9tablissement neuf ou r\u00e9nov\u00e9\u00a0\u00bb.&hellip;\n","protected":false},"author":2,"featured_media":1159122,"comment_status":"","ping_status":"","sticky":false,"template":"","format":"standard","meta":{"footnotes":"","_share_on_mastodon":"0"},"categories":[1592],"tags":[1111,11,1933,1936,1777,1939,674,1011,27,662,1934,12,1940,626,1935,25,1937,1941,1938],"class_list":["post-1159121","post","type-post","status-publish","format-standard","has-post-thumbnail","category-ile-de-france","tag-actu","tag-actualites","tag-actualites-locales","tag-essonne","tag-eu","tag-eure-et-loir","tag-europe","tag-fr","tag-france","tag-ile-de-france","tag-infos-locales","tag-news","tag-oise","tag-paris","tag-pres-de-chez-vous","tag-republique-francaise","tag-seine-et-marne","tag-somme","tag-yvelines"],"share_on_mastodon":{"url":"https:\/\/pubeurope.com\/@fr\/117190117736626905","error":""},"_links":{"self":[{"href":"https:\/\/www.europesays.com\/fr\/wp-json\/wp\/v2\/posts\/1159121","targetHints":{"allow":["GET"]}}],"collection":[{"href":"https:\/\/www.europesays.com\/fr\/wp-json\/wp\/v2\/posts"}],"about":[{"href":"https:\/\/www.europesays.com\/fr\/wp-json\/wp\/v2\/types\/post"}],"author":[{"embeddable":true,"href":"https:\/\/www.europesays.com\/fr\/wp-json\/wp\/v2\/users\/2"}],"replies":[{"embeddable":true,"href":"https:\/\/www.europesays.com\/fr\/wp-json\/wp\/v2\/comments?post=1159121"}],"version-history":[{"count":0,"href":"https:\/\/www.europesays.com\/fr\/wp-json\/wp\/v2\/posts\/1159121\/revisions"}],"wp:featuredmedia":[{"embeddable":true,"href":"https:\/\/www.europesays.com\/fr\/wp-json\/wp\/v2\/media\/1159122"}],"wp:attachment":[{"href":"https:\/\/www.europesays.com\/fr\/wp-json\/wp\/v2\/media?parent=1159121"}],"wp:term":[{"taxonomy":"category","embeddable":true,"href":"https:\/\/www.europesays.com\/fr\/wp-json\/wp\/v2\/categories?post=1159121"},{"taxonomy":"post_tag","embeddable":true,"href":"https:\/\/www.europesays.com\/fr\/wp-json\/wp\/v2\/tags?post=1159121"}],"curies":[{"name":"wp","href":"https:\/\/api.w.org\/{rel}","templated":true}]}}