{"id":1159131,"date":"2026-08-31T12:33:26","date_gmt":"2026-08-31T12:33:26","guid":{"rendered":"https:\/\/www.europesays.com\/fr\/1159131\/"},"modified":"2026-08-31T12:33:26","modified_gmt":"2026-08-31T12:33:26","slug":"la-russie-avertit-lotan-des-consequences-de-toute-menace-directe-envers-moscou","status":"publish","type":"post","link":"https:\/\/www.europesays.com\/fr\/1159131\/","title":{"rendered":"La Russie avertit l&rsquo;OTAN des cons\u00e9quences de toute menace \u00ab directe \u00bb envers Moscou."},"content":{"rendered":"<p><img decoding=\"async\" style=\"cursor:pointer\" title=\"La Russie avertit l'OTAN des cons\u00e9quences d'une menace directe contre Moscou - 1\" alt=\"Nga c\u1ea3nh b\u00e1o h\u1eadu qu\u1ea3 v\u1edbi NATO khi \u0111e d\u1ecda tr\u1ef1c ti\u1ebfp Moscow - 1\" data-width=\"960\" data-height=\"673\" data-original=\"https:\/\/cdnphoto.dantri.com.vn\/ydIGvjsmXwEaNcMfYU8EIDbmbtA=\/2026\/08\/31\/nga-bac-cuc-1788152720765.png\" data-photo-id=\"4192727\" data-track-content=\"\" data-content-name=\"article-content-image\" data-content-piece=\"article-content-image_4192727\" data-content-target=\"\/the-gioi\/nga-canh-bao-hau-qua-voi-nato-khi-de-doa-truc-tiep-moscow-20260831120843028.htm\" src=\"https:\/\/www.europesays.com\/fr\/wp-content\/uploads\/2026\/08\/nga-bac-cuc-1788152720765.png\" \/><\/p>\n<p> Des militaires russes montent la garde dans une zone de la base <a class=\"data-link\" data-org-href=\"https:\/\/www.vietnam.vn\/fr\/category\/quan-su\" href=\"https:\/\/www.vietnam.vn\/fr\/category\/quan-su\" title=\"militaire\" target=\"_blank\" rel=\"nofollow noopener\">militaire<\/a> de Nagurskoye, dans l&rsquo;Arctique (Photo : Reuters).<\/p>\n<p> Dans un article intitul\u00e9 \u00ab\u00a0Coop\u00e9ration internationale dans l\u2019Arctique\u00a0: d\u00e9fis et opportunit\u00e9s\u00a0\u00bb, publi\u00e9 sur le portail arctic.ru le 30 ao\u00fbt, le ministre russe des Affaires \u00e9trang\u00e8res, Sergue\u00ef Lavrov, a d\u00e9clar\u00e9 que le maintien de l\u2019Arctique comme r\u00e9gion de paix et de coop\u00e9ration est dans l\u2019int\u00e9r\u00eat commun de toute la communaut\u00e9 internationale et que la Russie soutient pleinement ce point de vue. Cependant, selon M. Lavrov, \u00ab\u00a0certaines parties ne partagent pas encore cette opinion\u00a0\u00bb.<\/p>\n<p> \u00ab Comment expliquer que les pays de l&rsquo;OTAN, et l&rsquo;alliance dans son ensemble, poussent la r\u00e9gion vers la militarisation et cr\u00e9ent ici des foyers de tensions internationales ? \u00bb a demand\u00e9 Lavrov.<\/p>\n<p> Selon le <a class=\"data-link\" data-org-href=\"https:\/\/www.vietnam.vn\/fr\/category\/ngoai-giao\" href=\"https:\/\/www.vietnam.vn\/fr\/category\/ngoai-giao\" title=\"diplomatique\" target=\"_blank\" rel=\"nofollow noopener\">diplomate<\/a> russe, l&rsquo;OTAN a lanc\u00e9 l&rsquo;op\u00e9ration Arctic Sentry en f\u00e9vrier afin d&rsquo;\u00e9tendre sa pr\u00e9sence militaire dans l&rsquo;Arctique.<\/p>\n<p> \u00ab De nombreux pr\u00e9paratifs militaires de grande envergure sont en cours \u00e0 notre fronti\u00e8re nord. L\u2019OTAN m\u00e8ne des exercices militaires de grande ampleur avec la participation de pays ext\u00e9rieurs \u00e0 la r\u00e9gion et renforce son syst\u00e8me de commandement et de contr\u00f4le gr\u00e2ce \u00e0 de nouvelles ressources \u00bb, a ajout\u00e9 Lavrov.<\/p>\n<p> Le ministre des Affaires \u00e9trang\u00e8res Lavrov a d\u00e9clar\u00e9 que l&rsquo;OTAN acc\u00e9l\u00e8re la militarisation de l&rsquo;Arctique par des pr\u00e9paratifs militaires, mena\u00e7ant directement la s\u00e9curit\u00e9 de la Russie et augmentant le risque d&rsquo;une confrontation arm\u00e9e directe.<\/p>\n<p> \u00ab\u00a0De telles activit\u00e9s militaires dans l\u2019Arctique constituent une menace directe pour la s\u00e9curit\u00e9 de la Russie. Elles augmentent \u00e9galement le risque d\u2019incidents susceptibles de d\u00e9clencher une confrontation arm\u00e9e aux cons\u00e9quences catastrophiques\u00a0\u00bb, a averti le ministre russe des Affaires \u00e9trang\u00e8res.<\/p>\n<p> Toutefois, Lavrov a \u00e9galement pr\u00e9cis\u00e9 que, \u00e0 l&rsquo;exception des membres du bloc militaire dirig\u00e9 par les \u00c9tats-Unis, la plupart des pays sont pr\u00eats \u00e0 coop\u00e9rer avec Moscou sur un pied d&rsquo;\u00e9galit\u00e9 et dans un esprit de b\u00e9n\u00e9fice mutuel.<\/p>\n<p> Auparavant, le vice-ministre russe des Affaires \u00e9trang\u00e8res, Alexandre Grouchko, avait d\u00e9clar\u00e9 que les activit\u00e9s militaires de la Russie dans la r\u00e9gion arctique \u00e9taient purement d\u00e9fensives et ne constituaient aucune menace pour aucun pays.<\/p>\n<p> M. Grushko a d\u00e9clar\u00e9 que la Russie \u00e9tait pr\u00eate \u00e0 utiliser tous les moyens possibles, y compris la force militaire si n\u00e9cessaire, pour prot\u00e9ger ses int\u00e9r\u00eats dans la r\u00e9gion.<\/p>\n<p> Parall\u00e8lement, le pr\u00e9sident Vladimir Poutine a affirm\u00e9 que l&rsquo;Arctique rev\u00eat une importance strat\u00e9gique pour le d\u00e9veloppement <a class=\"data-link\" data-org-href=\"https:\/\/www.vietnam.vn\/fr\/category\/kinh-te\" href=\"https:\/\/www.vietnam.vn\/fr\/category\/kinh-te\" title=\"\u00e9conomie\" target=\"_blank\" rel=\"nofollow noopener\">\u00e9conomique<\/a> et la s\u00e9curit\u00e9 nationale de la Russie. Il a \u00e9galement d\u00e9clar\u00e9 que Moscou d\u00e9fendrait ses int\u00e9r\u00eats dans cette r\u00e9gion strat\u00e9gique.<\/p>\n<p> Le dirigeant russe a soulign\u00e9 le r\u00f4le croissant de la r\u00e9gion arctique, notamment pour l&rsquo;environnement mondial, les complexes \u00e9nerg\u00e9tiques mondiaux et les mati\u00e8res premi\u00e8res, ainsi que pour le renforcement de la stabilit\u00e9 des relations commerciales et logistiques internationales.<\/p>\n<p> L&rsquo;Arctique est actuellement une r\u00e9gion o\u00f9 se concentrent de nombreuses voies maritimes strat\u00e9giques et des infrastructures critiques. Ces derni\u00e8res ann\u00e9es, la Russie a mis en garde \u00e0 plusieurs reprises contre l&rsquo;activit\u00e9 sans pr\u00e9c\u00e9dent de l&rsquo;OTAN et le renforcement de ses troupes pr\u00e8s de ses fronti\u00e8res occidentales.<\/p>\n<p class=\"mb-0\"> Source : https:\/\/dantri.com.vn\/the-gioi\/nga-canh-bao-hau-qua-voi-nato-khi-de-doa-truc-tiep-moscow-20260831120843028.htm<\/p>\n","protected":false},"excerpt":{"rendered":"Des militaires russes montent la garde dans une zone de la base militaire de Nagurskoye, dans l&rsquo;Arctique (Photo&hellip;\n","protected":false},"author":2,"featured_media":1159132,"comment_status":"","ping_status":"","sticky":false,"template":"","format":"standard","meta":{"footnotes":"","_share_on_mastodon":"0"},"categories":[1591],"tags":[11,1887,119051,119052,101451,119050,12,1885,1886,132],"class_list":["post-1159131","post","type-post","status-publish","format-standard","has-post-thumbnail","category-russie","tag-actualites","tag-federation-de-russie","tag-la-russie-met-en-garde-lotan","tag-la-securite-russe","tag-le-president-vladimir-poutine","tag-militarisation-de-larctique","tag-news","tag-russia","tag-russian-federation","tag-russie"],"share_on_mastodon":{"url":"https:\/\/pubeurope.com\/@fr\/117190147434148540","error":""},"_links":{"self":[{"href":"https:\/\/www.europesays.com\/fr\/wp-json\/wp\/v2\/posts\/1159131","targetHints":{"allow":["GET"]}}],"collection":[{"href":"https:\/\/www.europesays.com\/fr\/wp-json\/wp\/v2\/posts"}],"about":[{"href":"https:\/\/www.europesays.com\/fr\/wp-json\/wp\/v2\/types\/post"}],"author":[{"embeddable":true,"href":"https:\/\/www.europesays.com\/fr\/wp-json\/wp\/v2\/users\/2"}],"replies":[{"embeddable":true,"href":"https:\/\/www.europesays.com\/fr\/wp-json\/wp\/v2\/comments?post=1159131"}],"version-history":[{"count":0,"href":"https:\/\/www.europesays.com\/fr\/wp-json\/wp\/v2\/posts\/1159131\/revisions"}],"wp:featuredmedia":[{"embeddable":true,"href":"https:\/\/www.europesays.com\/fr\/wp-json\/wp\/v2\/media\/1159132"}],"wp:attachment":[{"href":"https:\/\/www.europesays.com\/fr\/wp-json\/wp\/v2\/media?parent=1159131"}],"wp:term":[{"taxonomy":"category","embeddable":true,"href":"https:\/\/www.europesays.com\/fr\/wp-json\/wp\/v2\/categories?post=1159131"},{"taxonomy":"post_tag","embeddable":true,"href":"https:\/\/www.europesays.com\/fr\/wp-json\/wp\/v2\/tags?post=1159131"}],"curies":[{"name":"wp","href":"https:\/\/api.w.org\/{rel}","templated":true}]}}