{"id":1159137,"date":"2026-08-31T12:38:17","date_gmt":"2026-08-31T12:38:17","guid":{"rendered":"https:\/\/www.europesays.com\/fr\/1159137\/"},"modified":"2026-08-31T12:38:17","modified_gmt":"2026-08-31T12:38:17","slug":"le-prince-harry-de-retour-au-royaume-uni-on-connait-la-date-de-sa-premiere-apparition-publique","status":"publish","type":"post","link":"https:\/\/www.europesays.com\/fr\/1159137\/","title":{"rendered":"Le prince Harry de retour au Royaume-Uni : on conna\u00eet la date de sa premi\u00e8re apparition publique !"},"content":{"rendered":"<p>                                    <img decoding=\"async\" src=\"https:\/\/www.europesays.com\/fr\/wp-content\/uploads\/2026\/08\/06a0a51aafebf7ab77e82c2726e5174653e54381b5b63676b55d2013a9470b51.jpg\" alt=\"Prince Harry: vie priv\u00e9e, famille, pouvoir\u2026 Ce qu\u2019il faut conna\u00eetre\" class=\"a11y-hidden\" fetchpriority=\"high\"\/><\/p>\n<p class=\"fig-standfirst\">\n    De retour au Royaume-Uni depuis le 26 ao\u00fbt dernier avec sa famille, le prince Harry s\u2019appr\u00eate \u00e0 reprendre du service. Dans quelques jours, le duc de Sussex participera \u00e0 un \u00e9v\u00e9nement officiel qui lui tient tr\u00e8s \u00e0 c\u0153ur.<\/p>\n<p class=\"fig-paragraph\">La rumeur est devenue r\u00e9alit\u00e9. Le 26 ao\u00fbt dernier, le prince Harry et sa femme, Meghan Markle, ainsi que leurs deux enfants, Archie et Lilibet, ont\u00a0<a href=\"http:\/\/www.gala.fr\/royautes\/harry-et-meghan-de-retour-au-royaume-uni-avec-leurs-enfants-leur-vol-depuis-les-etats-unis-a-coute-une-petite-fortune-20260829\" data-fig-type=\"Article\" data-gtm-custom-categorie=\"navigation\" data-gtm-custom-action=\"crossclick\" data-gtm-custom-label=\"Contextuel\" data-gtm-event=\"customEventSPE\" data-fig-domain=\"GALA\" rel=\"nofollow noopener\" target=\"_blank\">pos\u00e9 leurs valises au Royaume-Uni<\/a>. Et selon les informations relay\u00e9es par plusieurs m\u00e9dias britanniques, il ne s\u2019agit pas l\u00e0 d\u2019une visite de courte dur\u00e9e, mais d\u2019<a href=\"http:\/\/www.gala.fr\/royautes\/harry-et-meghan-de-retour-au-royaume-uni-un-ami-milliardaire-aurait-finance-leur-demenagement-l-ange-gardien-du-couple-20260831\" data-fig-type=\"Article\" data-gtm-custom-categorie=\"navigation\" data-gtm-custom-action=\"crossclick\" data-gtm-custom-label=\"Contextuel\" data-gtm-event=\"customEventSPE\" data-fig-domain=\"GALA\" rel=\"nofollow noopener\" target=\"_blank\">une v\u00e9ritable installation<\/a>. En plus d\u2019\u00e9lire domicile dans\u00a0<a href=\"http:\/\/www.gala.fr\/royautes\/le-prince-harry-a-la-maison-avec-les-enfants-meghan-entre-londres-et-montecito-leur-nouvelle-vie-au-royaume-uni-se-precise-20260828\" data-fig-type=\"Article\" data-gtm-custom-categorie=\"navigation\" data-gtm-custom-action=\"crossclick\" data-gtm-custom-label=\"Contextuel\" data-gtm-event=\"customEventSPE\" data-fig-domain=\"GALA\" rel=\"nofollow noopener\" target=\"_blank\">une r\u00e9sidence priv\u00e9e non royale<\/a>, le duc et la duchesse de Sussex ont inscrit leurs deux enfants dans diff\u00e9rentes \u00e9coles pour la rentr\u00e9e 2026. \u00c0 la suite de cette annonce,\u00a0<a href=\"http:\/\/www.gala.fr\/royautes\/harry-et-meghan-de-retour-au-royaume-uni-ces-7-allies-sur-qui-les-sussex-peuvent-encore-compter-20260829\" data-fig-type=\"Article\" data-gtm-custom-categorie=\"navigation\" data-gtm-custom-action=\"crossclick\" data-gtm-custom-label=\"Contextuel\" data-gtm-event=\"customEventSPE\" data-fig-domain=\"GALA\" rel=\"nofollow noopener\" target=\"_blank\">les r\u00e9actions ne se sont pas fait attendre<\/a>, du c\u00f4t\u00e9 de l\u2019opinion publique comme des membres de la famille royale\u00a0! La derni\u00e8re \u00e0 s\u2019\u00eatre exprim\u00e9e sur le sujet n\u2019est autre que Lady Eliza Spencer, la cousine des princes William et Harry. Dans les colonnes du Mirror, la mannequin, qui organise son mariage avec Channing Millerd, a lanc\u00e9\u00a0: \u00abC\u2019est formidable\u00a0!\u00bb Avant d\u2019ajouter\u00a0: \u00abNous aimerions beaucoup trouver le temps de venir [leur] rendre visite.\u00bb<\/p>\n<p class=\"fig-paragraph\">Mais pour que ces retrouvailles tant attendues aient lieu, le cousin et la cousine devront parvenir \u00e0 accorder leurs emplois du temps respectifs, tous deux bien charg\u00e9s. De retour sur ses terres natales, le prince Harry a d\u00e9j\u00e0 pr\u00e9vu d\u2019assister \u00e0 plusieurs \u00e9v\u00e9nements officiels\u2026 dont le premier se tiendra dans quelques jours\u00a0! C\u2019est le quotidien britannique\u00a0<a href=\"https:\/\/www.thetimes.com\/uk\/royal-family\/article\/prince-william-kate-india-visit-meghan-harry-qfvx27wwd\" target=\"_blank\" rel=\"nofollow noopener\" data-gtm-custom-categorie=\"navigation\" data-gtm-custom-action=\"crossclick\" data-gtm-custom-label=\"Contextuel\" data-gtm-event=\"customEventSPE\">The Times<\/a> \u00a0qui a rapport\u00e9 la nouvelle. Le 8 septembre prochain, le duc de Sussex assistera \u00e0 la c\u00e9r\u00e9monie des WellChild Awards \u00e0 Londres. En tant qu\u2019invit\u00e9 d\u2019honneur et parrain de l\u2019association, le fils cadet du roi Charles III remettra un prix et rencontrera les familles d\u2019enfants gravement malades.<\/p>\n<p>                                                <a href=\"#slideshow-header\" class=\"fig-slideshow__opener\" title=\"Acc\u00e9der au diaporama Prince Harry\u00a0: toutes les femmes de sa vie - (20 photos)\" aria-label=\"Acc\u00e9der au diaporama Prince Harry\u00a0: toutes les femmes de sa vie - (20 photos)\"><\/p>\n<p class=\"fig-slideshow__title\">\n                    Prince Harry\u00a0: toutes les femmes de sa vie\n                <\/p>\n<p>    <\/a><br \/>\n                                                <a class=\"fig-a11y-skip\" href=\"#fig-a11y-skip-main-inarticle\" is=\"fig-a11y-skip\" data-trigger-mode=\"visible-once\"><br \/>\n    Passer la publicit\u00e9<br \/>\n<\/a>            <\/p>\n<p>                                                <strong>Le prince Harry et Meghan Markle de retour au Royaume-Uni et d\u00e9j\u00e0 sur le devant de la sc\u00e8ne<\/strong><\/p>\n<p class=\"fig-paragraph\">La c\u00e9r\u00e9monie des WellChild Awards n\u2019est pas le seul \u00e9v\u00e9nement auquel participera le prince Harry. D\u00e9cid\u00e9 \u00e0 de nouveau s\u2019investir dans la vie publique de son pays, le duc de Sussex est \u00e9galement attendu \u00e0 un d\u00eener de gala donn\u00e9 en l\u2019honneur du Diana Award. Selon les informations relay\u00e9es par le Mail on Sunday, le p\u00e8re d\u2019Archie et Lilibet devrait \u00eatre accompagn\u00e9 de son \u00e9pouse, Meghan Markle, \u00e0 cette soir\u00e9e qui se tiendra le 18 septembre prochain \u00e0 Londres.<\/p>\n<p class=\"fig-paragraph\">Article \u00e9crit avec la collaboration de 6Medias.<\/p>\n","protected":false},"excerpt":{"rendered":"De retour au Royaume-Uni depuis le 26 ao\u00fbt dernier avec sa famille, le prince Harry s\u2019appr\u00eate \u00e0 reprendre&hellip;\n","protected":false},"author":2,"featured_media":1159138,"comment_status":"","ping_status":"","sticky":false,"template":"","format":"standard","meta":{"footnotes":"","_share_on_mastodon":"0"},"categories":[1588],"tags":[11,119054,4150,1777,674,5860,5861,9047,908,12,473,1853,119053,1851,1850,1852],"class_list":["post-1159137","post","type-post","status-publish","format-standard","has-post-thumbnail","category-royaume-uni","tag-actualites","tag-apparition-publique","tag-ceremonie","tag-eu","tag-europe","tag-famille-royale-dangleterre","tag-gotha","tag-harry-dangleterre","tag-meghan-markle","tag-news","tag-royaume-uni","tag-royaume-uni-de-grande-bretagne-et-dirlande-du-nord","tag-sortie-officielle","tag-uk","tag-united-kingdom","tag-united-kingdom-of-great-britain-and-northern-ireland"],"share_on_mastodon":{"url":"https:\/\/pubeurope.com\/@fr\/117190164963069622","error":""},"_links":{"self":[{"href":"https:\/\/www.europesays.com\/fr\/wp-json\/wp\/v2\/posts\/1159137","targetHints":{"allow":["GET"]}}],"collection":[{"href":"https:\/\/www.europesays.com\/fr\/wp-json\/wp\/v2\/posts"}],"about":[{"href":"https:\/\/www.europesays.com\/fr\/wp-json\/wp\/v2\/types\/post"}],"author":[{"embeddable":true,"href":"https:\/\/www.europesays.com\/fr\/wp-json\/wp\/v2\/users\/2"}],"replies":[{"embeddable":true,"href":"https:\/\/www.europesays.com\/fr\/wp-json\/wp\/v2\/comments?post=1159137"}],"version-history":[{"count":0,"href":"https:\/\/www.europesays.com\/fr\/wp-json\/wp\/v2\/posts\/1159137\/revisions"}],"wp:featuredmedia":[{"embeddable":true,"href":"https:\/\/www.europesays.com\/fr\/wp-json\/wp\/v2\/media\/1159138"}],"wp:attachment":[{"href":"https:\/\/www.europesays.com\/fr\/wp-json\/wp\/v2\/media?parent=1159137"}],"wp:term":[{"taxonomy":"category","embeddable":true,"href":"https:\/\/www.europesays.com\/fr\/wp-json\/wp\/v2\/categories?post=1159137"},{"taxonomy":"post_tag","embeddable":true,"href":"https:\/\/www.europesays.com\/fr\/wp-json\/wp\/v2\/tags?post=1159137"}],"curies":[{"name":"wp","href":"https:\/\/api.w.org\/{rel}","templated":true}]}}