{"id":1159139,"date":"2026-08-31T12:39:17","date_gmt":"2026-08-31T12:39:17","guid":{"rendered":"https:\/\/www.europesays.com\/fr\/1159139\/"},"modified":"2026-08-31T12:39:17","modified_gmt":"2026-08-31T12:39:17","slug":"allemagne-linflation-accelere-encore-en-aout-a-29-sur-un-an","status":"publish","type":"post","link":"https:\/\/www.europesays.com\/fr\/1159139\/","title":{"rendered":"Allemagne : l&rsquo;inflation acc\u00e9l\u00e8re encore en ao\u00fbt \u00e0 2,9% sur un an"},"content":{"rendered":"<p class=\"fig-paragraph\">Port\u00e9e par un net rench\u00e9rissement de l\u2019\u00e9nergie, l\u2019<a href=\"http:\/\/www.lefigaro.fr\/flash-eco\/sri-lanka-l-inflation-au-plus-haut-depuis-38-mois-20260831\" data-fig-type=\"NewsFlash\" data-gtm-custom-categorie=\"navigation\" data-gtm-custom-action=\"crossclick\" data-gtm-custom-label=\"Contextuel\" data-gtm-event=\"customEventSPE\" data-fig-domain=\"LEFIGARO\" rel=\"nofollow noopener\" target=\"_blank\">inflation<\/a>\u00a0allemande a poursuivi comme attendu sa remont\u00e9e en ao\u00fbt, de quoi conforter l\u2019hypoth\u00e8se d\u2019un rel\u00e8vement des taux de la Banque centrale europ\u00e9enne en septembre. Selon les donn\u00e9es provisoires de l\u2019office statistique Destatis communiqu\u00e9es lundi, la hausse des prix \u00e0 la consommation dans la premi\u00e8re \u00e9conomie europ\u00e9enne s\u2019est \u00e9tablie \u00e0 2,9% sur un an, apr\u00e8s 2,8% en juillet. Les prix de l\u2019\u00e9nergie ont bondi de 10,5%, marquant une nouvelle acc\u00e9l\u00e9ration apr\u00e8s 8,3% en juillet et 3,4% en juin, toujours sur un an.<\/p>\n<p class=\"fig-paragraph\">Si la fin au 30 juin des r\u00e9ductions fiscales sur les carburants a \u00e9t\u00e9 le principal moteur de l\u2019acc\u00e9l\u00e9ration de l\u2019inflation en juillet, les tensions g\u00e9opolitiques au Moyen-Orient ont continu\u00e9 de soutenir les prix de l\u2019\u00e9nergie en ao\u00fbt. L\u2019indice des prix \u00e0 la consommation harmonis\u00e9 (IPCH), scrut\u00e9 par la Banque centrale europ\u00e9enne puisqu\u2019il permet de comparer les pays de la zone euro, s\u2019est lui aussi \u00e9tabli \u00e0 2,9% sur un an, selon Destatis. Cet agr\u00e9gat a par ailleurs grimp\u00e9 en ao\u00fbt dans d\u2019autres grandes \u00e9conomies europ\u00e9ennes, \u00e0 4,3% en Espagne et 2,4% en France.<\/p>\n<p>                                            <a class=\"fig-a11y-skip\" href=\"#fig-a11y-skip-main-inarticle\" is=\"fig-a11y-skip\" data-trigger-mode=\"visible-once\"><br \/>\n    Passer la publicit\u00e9<br \/>\n<\/a>            <\/p>\n<p class=\"fig-paragraph\">De quoi conforter les anticipations des observateurs d\u2019un rel\u00e8vement des taux de la BCE d\u00e8s septembre, apr\u00e8s le statu quo d\u00e9cid\u00e9 en juillet. L\u2019inflation allemande sous-jacente, \u00e9galement scrut\u00e9e par la BCE et qui exclut les prix de l\u2019alimentation et de l\u2019\u00e9nergie, devrait s\u2019\u00e9tablir \u00e0 2,4% en ao\u00fbt, selon Destatis. Dans le d\u00e9tail, la hausse des prix des marchandises en Allemagne a acc\u00e9l\u00e9r\u00e9 \u00e0 3,0% en ao\u00fbt, contre 2,5% un mois plus t\u00f4t. Celle des prix des services a poursuivi son ralentissement \u00e0 2,8%, apr\u00e8s 2,9% en juillet et 3,1% en juin.<\/p>\n","protected":false},"excerpt":{"rendered":"Port\u00e9e par un net rench\u00e9rissement de l\u2019\u00e9nergie, l\u2019inflation\u00a0allemande a poursuivi comme attendu sa remont\u00e9e en ao\u00fbt, de quoi&hellip;\n","protected":false},"author":2,"featured_media":1159140,"comment_status":"","ping_status":"","sticky":false,"template":"","format":"standard","meta":{"footnotes":"","_share_on_mastodon":"0"},"categories":[1587],"tags":[11,672,1804,1805,1803,1777,674,1801,9345,12,1802],"class_list":["post-1159139","post","type-post","status-publish","format-standard","has-post-thumbnail","category-allemagne","tag-actualites","tag-allemagne","tag-bundesrepublik-deutschland","tag-de","tag-deutschland","tag-eu","tag-europe","tag-germany","tag-inflation","tag-news","tag-republique-federale-dallemagne"],"share_on_mastodon":{"url":"https:\/\/pubeurope.com\/@fr\/117190169057833912","error":""},"_links":{"self":[{"href":"https:\/\/www.europesays.com\/fr\/wp-json\/wp\/v2\/posts\/1159139","targetHints":{"allow":["GET"]}}],"collection":[{"href":"https:\/\/www.europesays.com\/fr\/wp-json\/wp\/v2\/posts"}],"about":[{"href":"https:\/\/www.europesays.com\/fr\/wp-json\/wp\/v2\/types\/post"}],"author":[{"embeddable":true,"href":"https:\/\/www.europesays.com\/fr\/wp-json\/wp\/v2\/users\/2"}],"replies":[{"embeddable":true,"href":"https:\/\/www.europesays.com\/fr\/wp-json\/wp\/v2\/comments?post=1159139"}],"version-history":[{"count":0,"href":"https:\/\/www.europesays.com\/fr\/wp-json\/wp\/v2\/posts\/1159139\/revisions"}],"wp:featuredmedia":[{"embeddable":true,"href":"https:\/\/www.europesays.com\/fr\/wp-json\/wp\/v2\/media\/1159140"}],"wp:attachment":[{"href":"https:\/\/www.europesays.com\/fr\/wp-json\/wp\/v2\/media?parent=1159139"}],"wp:term":[{"taxonomy":"category","embeddable":true,"href":"https:\/\/www.europesays.com\/fr\/wp-json\/wp\/v2\/categories?post=1159139"},{"taxonomy":"post_tag","embeddable":true,"href":"https:\/\/www.europesays.com\/fr\/wp-json\/wp\/v2\/tags?post=1159139"}],"curies":[{"name":"wp","href":"https:\/\/api.w.org\/{rel}","templated":true}]}}