{"id":1159156,"date":"2026-08-31T12:57:17","date_gmt":"2026-08-31T12:57:17","guid":{"rendered":"https:\/\/www.europesays.com\/fr\/1159156\/"},"modified":"2026-08-31T12:57:17","modified_gmt":"2026-08-31T12:57:17","slug":"trois-prolongations-de-contrat-chez-lotto-intermarche-actualite","status":"publish","type":"post","link":"https:\/\/www.europesays.com\/fr\/1159156\/","title":{"rendered":"Trois prolongations de contrat chez Lotto-Intermarch\u00e9 &#8211; Actualit\u00e9"},"content":{"rendered":"<p>La formation Lotto-Intermarch\u00e9 annonce ce lundi midi la prolongation de contrat, pour les deux prochaines saisons et soit jusqu&rsquo;\u00e0 fin 2028, de trois de ses coureurs, \u00e0 savoir S\u00e9bastien Grignard, Milan Menten et Luca Van Boven. Les trois coureurs ont \u00e9volu\u00e9 au sein de la r\u00e9serve avant de porter le maillot de Lotto-Intermarch\u00e9 par la suite.\u00a0<\/p>\n<p><strong><a style=\"color: #000000; text-decoration: underline;\" href=\"https:\/\/www.directvelo.com\/coureur\/16114\/sebastien-grignard\" target=\"_blank\" rel=\"noopener nofollow\">S\u00e9bastien Grignard,<\/a><\/strong> &#8211; notre photo &#8211; 27 ans, \u00e9volue au sein de la structure belge depuis 2018. C&rsquo;\u00e9tait d&rsquo;abord dans la r\u00e9serve, avant de rejoindre la maison-m\u00e8re en 2021. Cette ann\u00e9e, le Wallon s&rsquo;est class\u00e9 4e d&rsquo;une \u00e9tape du Tour du Danemark (2.Pro), d\u00e9but ao\u00fbt.<\/p>\n<p><strong><a style=\"color: #000000; text-decoration: underline;\" href=\"https:\/\/www.directvelo.com\/coureur\/12258\/milan-menten\" target=\"_blank\" rel=\"noopener nofollow\">Milan Menten,<\/a><\/strong> 29 ans, court pour le compte de la WorldTeam depuis 2023. Il avait d\u00e9j\u00e0 \u00e9t\u00e9 form\u00e9 au sein de la r\u00e9serve de 2015 \u00e0 2017, avant de passer pro chez Sport Vlaanderen-Baloise, puis de revenir donc chez Lotto il y a trois ans. Cette ann\u00e9e, le Flamand a d\u00e9croch\u00e9 quatre Top 5, dont <strong><a style=\"color: #000000; text-decoration: underline;\" href=\"https:\/\/www.directvelo.com\/epreuve\/48853\/grand-prix-de-denain-porte-du-hainaut-2026\" target=\"_blank\" rel=\"noopener nofollow\">la 2e place du Grand Prix de Denain (1.Pro), derri\u00e8re son compatriote Alec Segaert.<\/a><\/strong>\u00a0<\/p>\n<p>Enfin, <strong><a style=\"color: #000000; text-decoration: underline;\" href=\"https:\/\/www.directvelo.com\/coureur\/23343\/luca-van-boven\" target=\"_blank\" rel=\"noopener nofollow\">Luca Van Boven,<\/a><\/strong> 26 ans, <strong><a style=\"color: #000000; text-decoration: underline;\" href=\"https:\/\/www.directvelo.com\/actualite\/131565\/vuelta-plusieurs-fractures-pour-luca-van-boven\" target=\"_blank\" rel=\"noopener nofollow\">vient tout juste d&rsquo;abandonner le Tour d&rsquo;Espagne apr\u00e8s une lourde chute.<\/a><\/strong> Bien plus t\u00f4t dans la saison, il avait termin\u00e9 7e de la Fl\u00e8che braban\u00e7onne. Lui aussi pass\u00e9 par la r\u00e9serve avant la WorldTeam, il avait entre-temps pass\u00e9 deux saisons chez Bingoal-WB, en 2023 et 2024.\u00a0<\/p>\n","protected":false},"excerpt":{"rendered":"La formation Lotto-Intermarch\u00e9 annonce ce lundi midi la prolongation de contrat, pour les deux prochaines saisons et soit&hellip;\n","protected":false},"author":2,"featured_media":1159157,"comment_status":"","ping_status":"","sticky":false,"template":"","format":"standard","meta":{"footnotes":"","_share_on_mastodon":"0"},"categories":[1411],"tags":[834,828,836,829,837,827,83,826,824,823,1154,207,814,817,815,816,822,821,832,211,839,1011,27,820,818,819,835,831,830,833,838,60,212,208,825],"class_list":["post-1159156","post","type-post","status-publish","format-standard","has-post-thumbnail","category-cyclisme","tag-attaque","tag-belgique","tag-braquet","tag-bretagne","tag-chute","tag-competition","tag-coupe-de-france","tag-coureur","tag-course-cyclisme","tag-course-cycliste","tag-cycling","tag-cyclisme","tag-direct","tag-direct-velo","tag-directvelo","tag-directvelo-com","tag-epreuve","tag-epreuve-cycliste","tag-federation-francaise-de-cyclisme","tag-ffc","tag-flandres","tag-fr","tag-france","tag-live","tag-live-course","tag-live-epreuve","tag-peloton","tag-radio-peloton","tag-radio-tour","tag-ravitaillement","tag-relance","tag-sports","tag-uci","tag-velo","tag-velos"],"share_on_mastodon":{"url":"https:\/\/pubeurope.com\/@fr\/117190239766347387","error":""},"_links":{"self":[{"href":"https:\/\/www.europesays.com\/fr\/wp-json\/wp\/v2\/posts\/1159156","targetHints":{"allow":["GET"]}}],"collection":[{"href":"https:\/\/www.europesays.com\/fr\/wp-json\/wp\/v2\/posts"}],"about":[{"href":"https:\/\/www.europesays.com\/fr\/wp-json\/wp\/v2\/types\/post"}],"author":[{"embeddable":true,"href":"https:\/\/www.europesays.com\/fr\/wp-json\/wp\/v2\/users\/2"}],"replies":[{"embeddable":true,"href":"https:\/\/www.europesays.com\/fr\/wp-json\/wp\/v2\/comments?post=1159156"}],"version-history":[{"count":0,"href":"https:\/\/www.europesays.com\/fr\/wp-json\/wp\/v2\/posts\/1159156\/revisions"}],"wp:featuredmedia":[{"embeddable":true,"href":"https:\/\/www.europesays.com\/fr\/wp-json\/wp\/v2\/media\/1159157"}],"wp:attachment":[{"href":"https:\/\/www.europesays.com\/fr\/wp-json\/wp\/v2\/media?parent=1159156"}],"wp:term":[{"taxonomy":"category","embeddable":true,"href":"https:\/\/www.europesays.com\/fr\/wp-json\/wp\/v2\/categories?post=1159156"},{"taxonomy":"post_tag","embeddable":true,"href":"https:\/\/www.europesays.com\/fr\/wp-json\/wp\/v2\/tags?post=1159156"}],"curies":[{"name":"wp","href":"https:\/\/api.w.org\/{rel}","templated":true}]}}