{"id":1159164,"date":"2026-08-31T13:02:27","date_gmt":"2026-08-31T13:02:27","guid":{"rendered":"https:\/\/www.europesays.com\/fr\/1159164\/"},"modified":"2026-08-31T13:02:27","modified_gmt":"2026-08-31T13:02:27","slug":"bfmtv-rmc-brut-en-lancant-la-plateforme-rmc-le-groupe-cma-media-accelere-nettement-sur-le-streaming","status":"publish","type":"post","link":"https:\/\/www.europesays.com\/fr\/1159164\/","title":{"rendered":"BFMTV, RMC, Brut\u2026 En lan\u00e7ant la plateforme RMC+, le groupe CMA Media acc\u00e9l\u00e8re nettement sur le streaming"},"content":{"rendered":"<p>Cha\u00eenes en direct, contenus du m\u00e9dia <a href=\"https:\/\/www.20minutes.fr\/arts-stars\/medias\/brut\/\" class=\"c-link c-link--is-underlined\" rel=\"nofollow noopener\" target=\"_blank\">Brut<\/a> ou s\u00e9ries verticales\u00a0: le groupe CMA Media, filiale de l\u2019armateur fran\u00e7ais de porte-conteneurs <a href=\"https:\/\/www.20minutes.fr\/economie\/cma-cgm\/\" class=\"c-link c-link--is-underlined\" rel=\"nofollow noopener\" target=\"_blank\">CMA CGM<\/a> et propri\u00e9taire de <a href=\"https:\/\/www.20minutes.fr\/dossier\/bfm_tv\" class=\"c-link c-link--is-underlined\" rel=\"nofollow noopener\" target=\"_blank\">BFMTV<\/a> et <a href=\"https:\/\/www.20minutes.fr\/dossier\/rmc\" class=\"c-link c-link--is-underlined\" rel=\"nofollow noopener\" target=\"_blank\">RMC<\/a>, lance, mardi 1er\u00a0septembre 2026, une nouvelle <a href=\"https:\/\/www.20minutes.fr\/dossier\/plateforme\" class=\"c-link c-link--is-underlined\" rel=\"nofollow noopener\" target=\"_blank\">plateforme<\/a> de streaming avec l\u2019ambition de changer d\u2019\u00e9chelle sur le num\u00e9rique.<\/p>\n<p>RMC+, qui succ\u00e8de \u00e0 RMC BFM Play, va r\u00e9unir sur une seule plateforme gratuite ses cha\u00eenes de la TNT (BFMTV, <a href=\"https:\/\/www.20minutes.fr\/arts-stars\/medias\/4169065-20250822-medias-apres-avoir-quitte-jt-13-heures-tf1-jacques-legros-rejoint-rmc-rmc-story-rentree\" class=\"c-link c-link--is-underlined\" rel=\"nofollow noopener\" target=\"_blank\">RMC Story<\/a>, RMC D\u00e9couverte, <a href=\"https:\/\/www.20minutes.fr\/arts-stars\/television\/4173816-20250918-quoi-va-ressembler-chaine-rmc-life-ex-cherie-25\" class=\"c-link c-link--is-underlined\" rel=\"nofollow noopener\" target=\"_blank\">RMC Life<\/a>), dix cha\u00eenes th\u00e9matiques, dont une cha\u00eene, Brut \u2013 le m\u00e9dia en ligne devenu propri\u00e9t\u00e9 de CMA Media en\u00a02025 \u2013, et une offre de pr\u00e8s de 10.000 heures de contenus \u00e0 la demande.<\/p>\n<p>Faire face \u00e0 la concurrence<\/p>\n<p>En misant sur les classiques des cha\u00eenes RMC (m\u00e9canique, histoire et d\u00e9couverte, sport, enqu\u00eates criminelles), des mini-<a href=\"https:\/\/www.20minutes.fr\/arts-stars\/serie\/\" class=\"c-link c-link--is-underlined\" rel=\"nofollow noopener\" target=\"_blank\">s\u00e9ries<\/a> verticales (ou micro-drama), des telenovelas et des cr\u00e9ateurs de contenus comme <a href=\"https:\/\/www.20minutes.fr\/arts-stars\/web\/2445023-20190211-youtube-faire-rire-instruire-vulgarisateurs-choisi-choisir\" class=\"c-link c-link--is-underlined\" rel=\"nofollow noopener\" target=\"_blank\">Nota Bene<\/a> ou <a href=\"https:\/\/www.20minutes.fr\/arts-stars\/television\/4132429-20250107-the-island-m6-prison-chasse-records-loury-lag-nouveau-mike-horn\" class=\"c-link c-link--is-underlined\" rel=\"nofollow noopener\" target=\"_blank\">Loury Lag<\/a>, \u00ab\u00a0ce sera une v\u00e9ritable plateforme de <a href=\"https:\/\/www.20minutes.fr\/dossier\/streaming\" class=\"c-link c-link--is-underlined\" rel=\"nofollow noopener\" target=\"_blank\">streaming<\/a>\u00a0\u00bb, r\u00e9sume Julie Gauchotte, directrice de la strat\u00e9gie num\u00e9rique de RMC BFM.<\/p>\n<p>\u00ab\u00a0Nous assumons compl\u00e8tement notre diff\u00e9renciation. Dans un univers o\u00f9 il y a <a href=\"https:\/\/www.20minutes.fr\/dossier\/netflix\" class=\"c-link c-link--is-underlined\" rel=\"nofollow noopener\" target=\"_blank\">Netflix<\/a>, <a href=\"https:\/\/www.20minutes.fr\/arts-stars\/culture\/amazon-prime-video\/\" class=\"c-link c-link--is-underlined\" rel=\"nofollow noopener\" target=\"_blank\">Prime Video<\/a>, <a href=\"https:\/\/www.20minutes.fr\/dossier\/tf1\" class=\"c-link c-link--is-underlined\" rel=\"nofollow noopener\" target=\"_blank\">TF1+<\/a>, <a href=\"https:\/\/www.20minutes.fr\/television\/france_televisions\/\" class=\"c-link c-link--is-underlined\" rel=\"nofollow noopener\" target=\"_blank\">France T\u00e9l\u00e9visions<\/a>, <a href=\"https:\/\/www.20minutes.fr\/high-tech\/youtube\/\" class=\"c-link c-link--is-underlined\" rel=\"nofollow noopener\" target=\"_blank\">YouTube<\/a>, <a href=\"https:\/\/www.20minutes.fr\/dossier\/m6\" class=\"c-link c-link--is-underlined\" rel=\"nofollow noopener\" target=\"_blank\">M6+<\/a>\u00a0et bien d\u2019autres, pr\u00e9tendre se vouloir g\u00e9n\u00e9raliste, c\u2019est compl\u00e8tement vain, ajoute aupr\u00e8s de l\u2019AFP St\u00e9phane Sall\u00e9 de Chou, directeur g\u00e9n\u00e9ral du p\u00f4le Entertainment CMA Media. Mais on veut \u00eatre les meilleurs dans nos univers\u00a0\u00bb.<\/p>\n<\/p>\n<p>Un \u00ab\u00a0empire\u00a0\u00bb en expansion<\/p>\n<p>CMA Media est devenu en quelques ann\u00e9es un important groupe de m\u00e9dias, apr\u00e8s avoir <a href=\"https:\/\/www.20minutes.fr\/economie\/4003182-20220930-medias-cma-cgm-rachete-journal-provence\" class=\"c-link c-link--is-underlined\" rel=\"nofollow noopener\" target=\"_blank\">rachet\u00e9 le groupe de presse r\u00e9gionale La Provence<\/a>, le <a href=\"https:\/\/www.20minutes.fr\/medias\/4038534-20230526-armateur-cma-cgm-dirige-rodolphe-saade-va-racheter-journal-tribune\" class=\"c-link c-link--is-underlined\" rel=\"nofollow noopener\" target=\"_blank\">journal \u00e9conomique La Tribune<\/a>, les marques <a href=\"https:\/\/www.20minutes.fr\/arts-stars\/medias\/4234818-20260716-apres-rachat-cma-cgm-groupe-rmc-bfm-perdu-pres-moitie-valeur\" class=\"c-link c-link--is-underlined\" rel=\"nofollow noopener\" target=\"_blank\">RMC et BFM<\/a>, ainsi que le <a href=\"https:\/\/www.20minutes.fr\/arts-stars\/medias\/4161998-20250704-medias-groupe-cma-cgm-passe-racheter-plateforme-videos-brut\" class=\"c-link c-link--is-underlined\" rel=\"nofollow noopener\" target=\"_blank\">m\u00e9dia en ligne Brut<\/a> et, plus r\u00e9cemment, la cha\u00eene RMC Sport, qui diffuse notamment le <a href=\"https:\/\/www.20minutes.fr\/sport\/mma\/\" class=\"c-link c-link--is-underlined\" rel=\"nofollow noopener\" target=\"_blank\">MMA<\/a> (arts martiaux mixtes).<\/p>\n<p>Confront\u00e9es \u00e0 la concurrence de g\u00e9ants comme Netflix ou YouTube, les cha\u00eenes de t\u00e9l\u00e9vision traditionnelles tentent de renforcer leur pr\u00e9sence sur le streaming. Mais leurs recettes publicitaires se concentrent encore tr\u00e8s majoritairement sur la t\u00e9l\u00e9 dite lin\u00e9aire, \u00e0 93\u00a0% dans le cas des cha\u00eenes BFMTV et RMC, contre 6\u00a0% pour la plateforme RMC BFM Play et 1\u00a0% sur les r\u00e9seaux sociaux, explique-t-on chez CMA M\u00e9dia.<\/p>\n<p><a href=\"https:\/\/www.20minutes.fr\/economie\/cma-cgm\/\" class=\"c-link c-btn c-btn--primary\" rel=\"nofollow noopener\" target=\"_blank\">Toute l&rsquo;actualit\u00e9 du groupe CMA CGM<\/a><\/p>\n<p>CMA Media a \u00e9galement nou\u00e9, d\u00e9but\u00a02026, un partenariat avec YouTube pour y diffuser ses contenus et <a href=\"https:\/\/www.20minutes.fr\/arts-stars\/medias\/4230990-20260624-bfm-locales-pourquoi-groupe-cma-media-souhaite-vendre-neuf-chaines\" class=\"c-link c-link--is-underlined\" rel=\"nofollow noopener\" target=\"_blank\">a lanc\u00e9 une agence de production audiovisuelle, CMA Studio<\/a>. Le groupe compte aussi lancer un studio de cr\u00e9ateurs de contenus, CMA Creator, d\u2019ici fin\u00a02026. En parall\u00e8le, CMA Media veut faire des \u00e9conomies en vendant les neuf cha\u00eenes de t\u00e9l\u00e9vision locales de BFM.<\/p>\n","protected":false},"excerpt":{"rendered":"Cha\u00eenes en direct, contenus du m\u00e9dia Brut ou s\u00e9ries verticales\u00a0: le groupe CMA Media, filiale de l\u2019armateur fran\u00e7ais&hellip;\n","protected":false},"author":2,"featured_media":1159165,"comment_status":"","ping_status":"","sticky":false,"template":"","format":"standard","meta":{"footnotes":"","_share_on_mastodon":"0"},"categories":[1356],"tags":[10831,2204,15289,58,59,1011,27,2400,500,18931,10319,128,252,1364,2784],"class_list":["post-1159164","post","type-post","status-publish","format-standard","has-post-thumbnail","category-television","tag-bfmtv","tag-brut","tag-cma-cgm","tag-divertissement","tag-entertainment","tag-fr","tag-france","tag-france-televisions","tag-medias","tag-plateforme","tag-rmc","tag-streaming","tag-television","tag-tv","tag-youtube"],"share_on_mastodon":{"url":"https:\/\/pubeurope.com\/@fr\/117190259027670606","error":""},"_links":{"self":[{"href":"https:\/\/www.europesays.com\/fr\/wp-json\/wp\/v2\/posts\/1159164","targetHints":{"allow":["GET"]}}],"collection":[{"href":"https:\/\/www.europesays.com\/fr\/wp-json\/wp\/v2\/posts"}],"about":[{"href":"https:\/\/www.europesays.com\/fr\/wp-json\/wp\/v2\/types\/post"}],"author":[{"embeddable":true,"href":"https:\/\/www.europesays.com\/fr\/wp-json\/wp\/v2\/users\/2"}],"replies":[{"embeddable":true,"href":"https:\/\/www.europesays.com\/fr\/wp-json\/wp\/v2\/comments?post=1159164"}],"version-history":[{"count":0,"href":"https:\/\/www.europesays.com\/fr\/wp-json\/wp\/v2\/posts\/1159164\/revisions"}],"wp:featuredmedia":[{"embeddable":true,"href":"https:\/\/www.europesays.com\/fr\/wp-json\/wp\/v2\/media\/1159165"}],"wp:attachment":[{"href":"https:\/\/www.europesays.com\/fr\/wp-json\/wp\/v2\/media?parent=1159164"}],"wp:term":[{"taxonomy":"category","embeddable":true,"href":"https:\/\/www.europesays.com\/fr\/wp-json\/wp\/v2\/categories?post=1159164"},{"taxonomy":"post_tag","embeddable":true,"href":"https:\/\/www.europesays.com\/fr\/wp-json\/wp\/v2\/tags?post=1159164"}],"curies":[{"name":"wp","href":"https:\/\/api.w.org\/{rel}","templated":true}]}}